{"id":1009,"date":"2016-01-18T19:51:32","date_gmt":"2016-01-18T17:51:32","guid":{"rendered":"http:\/\/podcampus.phwien.ac.at\/digimed\/?p=1009"},"modified":"2016-01-18T19:51:32","modified_gmt":"2016-01-18T17:51:32","slug":"volksgruppenradio-am-brg-oberpullendorf","status":"publish","type":"post","link":"https:\/\/digimed.phwien.ac.at\/?p=1009","title":{"rendered":"Volksgruppenradio am BRG Oberpullendorf"},"content":{"rendered":"<div id=\"magicdomid1945\" class=\"ace-line\"><span class=\"author-g-st240l9ghf60u83o\">Das BRG Oberpullendorf bietet seinen Sch\u00fclerInnen seit mittlerweile fast 10 Jahren die unverbindliche \u00dcbung &#8222;Volksgruppenradio&#8220; an. In dieser \u00dcbungen gestalten die Sch\u00fclerInnen eine zweisprachige Radiosendung die an vier Tagen pro Woche, also von Montag bis Donnerstg, von 15 bis 16 Uhr l\u00e4uft. Moderiert wird diese Sendung von Sch\u00fclerInnen der Unterstufe, wobei nicht alle eine Minderheitensprache als Zweitsprache sprechen. Die Sch\u00fclerInnen arbeiten nach einem fixen Programm.<\/span><span class=\"author-g-y7qwt8bbhm8uv9ck\"> Sch\u00fcler die an diesem Projekt teilnehmen haben mehrere Vorteile von dieser Arbeit. Sie werden mit dem Computer vertraut, lernen wie richtig recherchiert<\/span><span class=\"author-g-st240l9ghf60u83o\"> und<\/span><span class=\"author-g-y7qwt8bbhm8uv9ck\"> pr\u00e4sentiert wird und zus\u00e4tzlich<\/span><span class=\"author-g-st240l9ghf60u83o\">,<\/span><span class=\"author-g-y7qwt8bbhm8uv9ck\"> oder auch dadurch<\/span><span class=\"author-g-st240l9ghf60u83o\">,<\/span><span class=\"author-g-y7qwt8bbhm8uv9ck\"> steigert <\/span><span class=\"author-g-st240l9ghf60u83o\">die Arbeit <\/span><span class=\"author-g-y7qwt8bbhm8uv9ck\">das Selbstwertgef\u00fchl. Die Sch\u00fcler lernen auch Verantwortung zu \u00fcbernehmen und Termine einzuhalten.<\/span><\/div>\n<div id=\"magicdomid480\" class=\"ace-line\"><\/div>\n<div id=\"magicdomid1797\" class=\"ace-line\"><span class=\"author-g-st240l9ghf60u83o\">Unserer Meinung nach ist das Volksgruppenradio eine sehr gute Idee. Es hilft den Sch\u00fclerInnen sich in Schreiben und Sprechen zu verbessern. Sie lernen au\u00dferdem mit dem PC umzugehen. Au\u00dferdem f\u00f6rdert die Zusammenarbeit bei den Radiosendungen die Gruppendynamik und das soziale Umfeld der Sch\u00fcler. Die Sch\u00fclerInnen k\u00f6nnen zus\u00e4tzlich noch Erfahrungen in einer der Minderheitensprachen machen und dadurch etwas neues dazulernen.<\/span><\/div>\n<div id=\"magicdomid1670\" class=\"ace-line\"><\/div>\n<div id=\"magicdomid1820\" class=\"ace-line\"><span class=\"author-g-st240l9ghf60u83o\">Auch am BRG Kirchdorf\/Krems wird Radioarbeit im Unterricht verwendet. Hier beziehen sich die Radiosendungen auf den Geschichtsunterricht und werden von Oberstufensch\u00fclerInnen moderiert. Mehr dazu: <\/span><span class=\"author-g-st240l9ghf60u83o url\"><a href=\"http:\/\/www.medienimpulse.at\/articles\/view\/863\">http:\/\/www.medienimpulse.at\/articles\/view\/863<\/a><\/span><\/div>\n<div id=\"magicdomid1821\" class=\"ace-line\"><\/div>\n<div id=\"magicdomid1878\" class=\"ace-line\"><span class=\"author-g-y7qwt8bbhm8uv9ck\">Das Medium Radio hat viele Vorteile die teilweise so offensichtlich sind das man sie leicht \u00fcbersehen k\u00f6nnte. Es geht immer um die Sprache, Klang und Kommunikation. Es werden aktuelle Themen diskutiert oder auch nur angesprochen aber all das kann f\u00fcr Reflexionen genutzt werden. Es ist ein Prozess der F\u00e4cher\u00fcbergreifend ist. So gut wie jedes <\/span><span class=\"author-g-st240l9ghf60u83o\">F<\/span><span class=\"author-g-y7qwt8bbhm8uv9ck\">ach kann miteingebunden werden. Mehr dazu:<\/span><span class=\"author-g-y7qwt8bbhm8uv9ck url\"><a href=\"http:\/\/www.schuelerradio.at\/node\/120\">http:\/\/www.schuelerradio.at\/node\/120<\/a><\/span><\/div>\n<div id=\"magicdomid6\" class=\"\"><\/div>\n<p>&nbsp;<\/p>\n","protected":false},"excerpt":{"rendered":"<p>Das BRG Oberpullendorf bietet seinen Sch\u00fclerInnen seit mittlerweile fast 10 Jahren die unverbindliche \u00dcbung &#8222;Volksgruppenradio&#8220; an. In dieser \u00dcbungen gestalten die Sch\u00fclerInnen eine zweisprachige Radiosendung die an vier Tagen pro Woche, also von Montag bis Donnerstg, von 15 bis 16 <span class=\"readmore\"><a href=\"https:\/\/digimed.phwien.ac.at\/?p=1009\">Continue Reading<\/a><\/span><\/p>\n","protected":false},"author":5,"featured_media":0,"comment_status":"open","ping_status":"open","sticky":false,"template":"","format":"standard","meta":{"footnotes":""},"categories":[15,16,21],"tags":[230,236,285,302],"class_list":["post-1009","post","type-post","status-publish","format-standard","hentry","category-padagogik","category-praxis","category-schulkultur","tag-medien","tag-medienpadagogik","tag-radio","tag-schulradio"],"_links":{"self":[{"href":"https:\/\/digimed.phwien.ac.at\/index.php?rest_route=\/wp\/v2\/posts\/1009","targetHints":{"allow":["GET"]}}],"collection":[{"href":"https:\/\/digimed.phwien.ac.at\/index.php?rest_route=\/wp\/v2\/posts"}],"about":[{"href":"https:\/\/digimed.phwien.ac.at\/index.php?rest_route=\/wp\/v2\/types\/post"}],"author":[{"embeddable":true,"href":"https:\/\/digimed.phwien.ac.at\/index.php?rest_route=\/wp\/v2\/users\/5"}],"replies":[{"embeddable":true,"href":"https:\/\/digimed.phwien.ac.at\/index.php?rest_route=%2Fwp%2Fv2%2Fcomments&post=1009"}],"version-history":[{"count":0,"href":"https:\/\/digimed.phwien.ac.at\/index.php?rest_route=\/wp\/v2\/posts\/1009\/revisions"}],"wp:attachment":[{"href":"https:\/\/digimed.phwien.ac.at\/index.php?rest_route=%2Fwp%2Fv2%2Fmedia&parent=1009"}],"wp:term":[{"taxonomy":"category","embeddable":true,"href":"https:\/\/digimed.phwien.ac.at\/index.php?rest_route=%2Fwp%2Fv2%2Fcategories&post=1009"},{"taxonomy":"post_tag","embeddable":true,"href":"https:\/\/digimed.phwien.ac.at\/index.php?rest_route=%2Fwp%2Fv2%2Ftags&post=1009"}],"curies":[{"name":"wp","href":"https:\/\/api.w.org\/{rel}","templated":true}]}}