{"id":1141,"date":"2016-05-02T20:50:24","date_gmt":"2016-05-02T18:50:24","guid":{"rendered":"http:\/\/podcampus.phwien.ac.at\/digimed\/?p=1141"},"modified":"2016-05-02T20:50:24","modified_gmt":"2016-05-02T18:50:24","slug":"projekt-mini-sprachkurs","status":"publish","type":"post","link":"https:\/\/digimed.phwien.ac.at\/?p=1141","title":{"rendered":"Projekt &#8222;Mini-Sprachkurs&#8220;"},"content":{"rendered":"<p><strong>Alltagssituationen in der Schule<\/strong><br \/>\nMit unserem Projekt m\u00f6chten wir unseren Fokus auf ein aktuelles Thema und zwar auf die momentane Fl\u00fcchtlingssituation legen. Derzeit leben in \u00d6sterreich \u00fcber 20.000 Asylwerber und unter ihnen gibt es sehr viele schulpflichtige Kinder. Als angehende Lehrerinnen m\u00f6chten wir den Fl\u00fcchtlingskindern, als Einstiegshilfe in die deutsche Sprache, eine Homepage erstellen, die ihnen die M\u00f6glichkeit gibt, sich Basiswissen anzueignen.<\/p>\n<p><strong><span style=\"text-decoration: underline\">Was wollen wir?<\/span><\/strong><br \/>\nSch\u00fcler und Sch\u00fclerinnen mit Deutsch als Zweitsprache k\u00f6nnen sich mit Hilfe unserer Homepage erste Kenntnisse aneignen. Mit Hilfe von Bildern, Sprechblasen und hinterlegten Audio-Dateien wird es ihnen leichter gemacht, die Sprache spielerisch zu erlernen. Auf diese Art und Weise kann jeder Sch\u00fcler und jede Sch\u00fclerin seine oder ihre sprachlichen F\u00e4higkeiten individuell verbessern. Auch Lehrer und Lehrerinnen sollen von diesem Projekt profitieren, da sie es sehr gut in ihren Unterricht einbauen k\u00f6nnen. Die Kinder haben auch die M\u00f6glichkeit, das Programm jeder Zeit von zu Hause aus zu nutzen.<\/p>\n<p><strong><span style=\"text-decoration: underline\">Was wollen wir nicht?<\/span><\/strong><br \/>\nDas Projekt basiert nicht auf einem vollst\u00e4ndigen Sprachkurs, es soll lediglich Kindern als Einstiegshilfe f\u00fcr Alltagssituationen in der Schule dienen. Da wir zeitlich eingeschr\u00e4nkt sind, werden wir uns nur auf 15- 20 Alltagssituationen fokussieren.<\/p>\n<p><strong><span style=\"text-decoration: underline\">Wann ist das Projekt abgeschlossen?<\/span><\/strong><br \/>\nUnser Projekt ist abgeschlossen, wenn wir die Homepage mit den Grafiken und den aufgenommenen Phrasen, in Form einer Audio-Datei, erstellt haben.<\/p>\n<p><strong><span style=\"text-decoration: underline\">Welches Level? Welche Zielgruppe?<\/span><\/strong><br \/>\nUnsere Zielgruppe sind Fl\u00fcchtlingskinder an \u00f6sterreichischen Schulen, die Probleme in der Kommunikation vorweisen. Der Fokus liegt auf dem A1-Level, das sehr breit gef\u00e4chert ist, bezogen auf Situationen im Schulalltag.<\/p>\n<p><strong><span style=\"text-decoration: underline\">Zeitplan<\/span><\/strong><br \/>\n01.04.16 &#8211; Gruppenfindung<br \/>\n08.04.16 &#8211; Ideenfindung<br \/>\n15.04.16 &#8211; Exkursion \u201cLife tool\u201d<br \/>\n22.04.16 &#8211; Exkursion \u201cBarcamp &#8211; Medienbildung jetzt!\u201d, Projektplan (Zielgruppe,\u00a0\u00a0 \u00a0\u00a0\u00a0\u00a0 Alltagssituationen)<br \/>\n29.04.16 &#8211; Projektplan: Beschreibung<br \/>\n06.04.16 &#8211; Befragung der Fl\u00fcchtlinge bzgl. des Schulalltages (2-3 Personen)<br \/>\n13.05.16 &#8211; Gespr\u00e4che mit Lehrpersonen (Ko.M.M.), Ausarbeitung der Fragen, Verfassen von Referenzen (\u00dcber uns, Hintergrund der Thematik), Audio-Dateien fertigstellen<br \/>\n17.05.16 &#8211; Homepage<br \/>\n24.06.16 &#8211; Pr\u00e4sentation<\/p>\n<p><strong><span style=\"text-decoration: underline\">Personalressourcen<\/span><\/strong><br \/>\nUnser Team setzt sich aus zwei Studentinnen des Lehramts an Volksschulen und vier des Lehramts an Neuen Mittelschulen zusammen. Da bereits erste Erfahrungen in der Schulpraxis mit Fl\u00fcchtlingskindern gemacht wurden, sind wir der Meinung, dass dieses Projekt f\u00fcr unseren zuk\u00fcnftigen Beruf hilfreich sein wird.<\/p>\n<p>Um die Tonaufnahmen passend zu unserem Projekt zu gestalten, werden Kinder von Gruppenmitgliedern eingesetzt. Mit ihnen nehmen wir die einfachen Dialoge zu den ausgew\u00e4hlten Alltagssituationen auf.<\/p>\n<p>Ebenso werden Fl\u00fcchtlingskinder und LehrerInnen befragt, welche Situationen besonders ben\u00f6tigt werden, um mit den Mitsch\u00fclerInnen kommunizieren zu k\u00f6nnen.<\/p>\n<p><strong><span style=\"text-decoration: underline\">Sachressourcen<\/span><\/strong><br \/>\nDiktierger\u00e4t (Handyrecorder)<br \/>\nLaptop zum Erstellen von einer Homepage<\/p>\n","protected":false},"excerpt":{"rendered":"<p>Alltagssituationen in der Schule Mit unserem Projekt m\u00f6chten wir unseren Fokus auf ein aktuelles Thema und zwar auf die momentane Fl\u00fcchtlingssituation legen. Derzeit leben in \u00d6sterreich \u00fcber 20.000 Asylwerber und unter ihnen gibt es sehr viele schulpflichtige Kinder. Als angehende <span class=\"readmore\"><a href=\"https:\/\/digimed.phwien.ac.at\/?p=1141\">Continue Reading<\/a><\/span><\/p>\n","protected":false},"author":5,"featured_media":0,"comment_status":"open","ping_status":"open","sticky":false,"template":"","format":"standard","meta":{"footnotes":""},"categories":[16,18],"tags":[69,71,108,136,198,202,245,280,300,328,363],"class_list":["post-1141","post","type-post","status-publish","format-standard","hentry","category-praxis","category-projekte-16","tag-asylwerber","tag-audio","tag-deutsch-lernen","tag-fluechtlingskinder","tag-kinder","tag-kommunikation","tag-mini-sprachkurs","tag-proj16","tag-schule","tag-spracherwerb","tag-unterricht"],"_links":{"self":[{"href":"https:\/\/digimed.phwien.ac.at\/index.php?rest_route=\/wp\/v2\/posts\/1141","targetHints":{"allow":["GET"]}}],"collection":[{"href":"https:\/\/digimed.phwien.ac.at\/index.php?rest_route=\/wp\/v2\/posts"}],"about":[{"href":"https:\/\/digimed.phwien.ac.at\/index.php?rest_route=\/wp\/v2\/types\/post"}],"author":[{"embeddable":true,"href":"https:\/\/digimed.phwien.ac.at\/index.php?rest_route=\/wp\/v2\/users\/5"}],"replies":[{"embeddable":true,"href":"https:\/\/digimed.phwien.ac.at\/index.php?rest_route=%2Fwp%2Fv2%2Fcomments&post=1141"}],"version-history":[{"count":0,"href":"https:\/\/digimed.phwien.ac.at\/index.php?rest_route=\/wp\/v2\/posts\/1141\/revisions"}],"wp:attachment":[{"href":"https:\/\/digimed.phwien.ac.at\/index.php?rest_route=%2Fwp%2Fv2%2Fmedia&parent=1141"}],"wp:term":[{"taxonomy":"category","embeddable":true,"href":"https:\/\/digimed.phwien.ac.at\/index.php?rest_route=%2Fwp%2Fv2%2Fcategories&post=1141"},{"taxonomy":"post_tag","embeddable":true,"href":"https:\/\/digimed.phwien.ac.at\/index.php?rest_route=%2Fwp%2Fv2%2Ftags&post=1141"}],"curies":[{"name":"wp","href":"https:\/\/api.w.org\/{rel}","templated":true}]}}