{"id":1244,"date":"2016-05-24T11:59:36","date_gmt":"2016-05-24T09:59:36","guid":{"rendered":"http:\/\/podcampus.phwien.ac.at\/digimed\/?p=1244"},"modified":"2016-05-24T11:59:36","modified_gmt":"2016-05-24T09:59:36","slug":"medientagebuch","status":"publish","type":"post","link":"https:\/\/digimed.phwien.ac.at\/?p=1244","title":{"rendered":"Medientagebuch"},"content":{"rendered":"<p>3.2 Medientagebuch<\/p>\n<p>Welchen Stellenwert haben Medien in deinem Leben? Wie viel Zeit verbringst du womit? Die Reflexion deines Mediennutzungsverhaltens kann dir helfen, dienen Umgang mit Medien verschiedenster Art bewusst zu gestalten.<\/p>\n<p><strong>Aufgabenstellung:<\/strong><\/p>\n<p><span style=\"text-decoration: underline\">Phase 1<\/span><\/p>\n<ul>\n<li>Fragestellung kl\u00e4ren in der Klasse: Was sind Medien? Welche Medien gibt es? aktive und passive Medien?<\/li>\n<li>&#8222;Welche Medien n\u00fctzt du aktiv oder passiv, wie lange und wof\u00fcr?&#8220; \u00a0&#8211;&gt;\u00a0Kinder m\u00fcssen \u00fcber einen bestimmten Zeitraum ein &#8222;Medientagebuch&#8220; f\u00fchren.<\/li>\n<li>Erstellt in der Klasse vorab gemeinsame Regeln f\u00fcr euer Tagebuch:\n<ul>\n<li>Wie sollen die Aufzeichnungen erfolgen?<\/li>\n<li>Wer darf die Aufzeichnungen ansehen?<\/li>\n<li>Wie wird das Tagebuch im Unterricht verwendet?<\/li>\n<\/ul>\n<\/li>\n<\/ul>\n<p><span style=\"text-decoration: underline\">Phase 2<\/span><\/p>\n<p>Nach Ablauf der vereinbarten Beobachtungszeit werden die Aufzeichnungen reflektiert.<\/p>\n<p>Folgende Fragen k\u00f6nnen helfen, einen Lernprozess anzuregen:<\/p>\n<ul>\n<li>\n<ul>\n<li>Kommst du durch deine Aufzeichnungen zu Ergebnissen, die dich \u00fcberraschen?<\/li>\n<li>Welche Aktivit\u00e4ten sind mit welchen Medien verbunden?<\/li>\n<li>Welche Medien ben\u00fctzt du, um selbst kreativ zu sein?<\/li>\n<li>Wie viel Zeit verbringst du mit passiver Mediennutzung?<\/li>\n<li>Gibt es Medien, ohne das du glaubst, nicht auskommen zu k\u00f6nnen?<\/li>\n<li>Wie sch\u00e4tzt du dein pers\u00f6nliches Mediennutzungsverhalten ein? &#8211; M\u00f6chtest du etwas daran ver\u00e4ndern? &#8211; Was?<\/li>\n<\/ul>\n<\/li>\n<\/ul>\n<p>&nbsp;<\/p>\n<p><span style=\"text-decoration: underline\">Kommentar:<\/span><\/p>\n<p>Ziel der Aufgabe ist es den Kindern bewusst zu machen, wie sehr sie im Alltag von Medien beeinflusst werden.<br \/>\n<iframe loading=\"lazy\" src=\"http:\/\/podcampus.phwien.ac.at\/archiv\/file_embed?format=audio&#038;file=4248&#038;width=640\" border=\"0\" scrolling=\"no\" width=\"100%\" height=\"100\"><\/iframe><\/p>\n<p><em>Quelle: Schipek, Dietmar(2015): Medienkompetenz. Prototypische Aufgaben.mediamanual.Wien<\/em><\/p>\n","protected":false},"excerpt":{"rendered":"<p>3.2 Medientagebuch Welchen Stellenwert haben Medien in deinem Leben? Wie viel Zeit verbringst du womit? Die Reflexion deines Mediennutzungsverhaltens kann dir helfen, dienen Umgang mit Medien verschiedenster Art bewusst zu gestalten. Aufgabenstellung: Phase 1 Fragestellung kl\u00e4ren in der Klasse: Was <span class=\"readmore\"><a href=\"https:\/\/digimed.phwien.ac.at\/?p=1244\">Continue Reading<\/a><\/span><\/p>\n","protected":false},"author":5,"featured_media":0,"comment_status":"open","ping_status":"open","sticky":false,"template":"","format":"standard","meta":{"footnotes":""},"categories":[10,15],"tags":[111,135,230,236],"class_list":["post-1244","post","type-post","status-publish","format-standard","hentry","category-medienkompetenz","category-padagogik","tag-digitale-medien","tag-flosu","tag-medien","tag-medienpadagogik"],"_links":{"self":[{"href":"https:\/\/digimed.phwien.ac.at\/index.php?rest_route=\/wp\/v2\/posts\/1244","targetHints":{"allow":["GET"]}}],"collection":[{"href":"https:\/\/digimed.phwien.ac.at\/index.php?rest_route=\/wp\/v2\/posts"}],"about":[{"href":"https:\/\/digimed.phwien.ac.at\/index.php?rest_route=\/wp\/v2\/types\/post"}],"author":[{"embeddable":true,"href":"https:\/\/digimed.phwien.ac.at\/index.php?rest_route=\/wp\/v2\/users\/5"}],"replies":[{"embeddable":true,"href":"https:\/\/digimed.phwien.ac.at\/index.php?rest_route=%2Fwp%2Fv2%2Fcomments&post=1244"}],"version-history":[{"count":0,"href":"https:\/\/digimed.phwien.ac.at\/index.php?rest_route=\/wp\/v2\/posts\/1244\/revisions"}],"wp:attachment":[{"href":"https:\/\/digimed.phwien.ac.at\/index.php?rest_route=%2Fwp%2Fv2%2Fmedia&parent=1244"}],"wp:term":[{"taxonomy":"category","embeddable":true,"href":"https:\/\/digimed.phwien.ac.at\/index.php?rest_route=%2Fwp%2Fv2%2Fcategories&post=1244"},{"taxonomy":"post_tag","embeddable":true,"href":"https:\/\/digimed.phwien.ac.at\/index.php?rest_route=%2Fwp%2Fv2%2Ftags&post=1244"}],"curies":[{"name":"wp","href":"https:\/\/api.w.org\/{rel}","templated":true}]}}