{"id":1335,"date":"2016-06-13T19:22:01","date_gmt":"2016-06-13T17:22:01","guid":{"rendered":"http:\/\/podcampus.phwien.ac.at\/digimed\/?p=1335"},"modified":"2016-06-13T19:22:01","modified_gmt":"2016-06-13T17:22:01","slug":"exkursionsdokumentation-2","status":"publish","type":"post","link":"https:\/\/digimed.phwien.ac.at\/?p=1335","title":{"rendered":"Exkursion: medienzentrum"},"content":{"rendered":"<p><strong><span style=\"text-decoration: underline;\">Exkursion #1 Medienp\u00e4dagogik SS 2016<\/span><\/strong><\/p>\n<ul id=\"yui_3_17_2_2_1465835074857_276\">\n<li id=\"yui_3_17_2_2_1465835074857_280\"><strong>Name:<\/strong> Julia Klippl<\/li>\n<li id=\"yui_3_17_2_2_1465835074857_279\"><strong>Exkursionsziel:<\/strong> Medienzentrum wienXtra<\/li>\n<li id=\"yui_3_17_2_2_1465835074857_278\"><strong>Datum des Besuches:<\/strong> 18.April 2016<\/li>\n<li id=\"yui_3_17_2_2_1465835074857_391\"><strong>pers\u00f6nliche Eindr\u00fccke von der Exkursion<\/strong><br \/>\nSobald man in das Medienzentrum eintritt, sp\u00fcrt man die positive Atmosph\u00e4re und die jugendfreundliche Gestaltung der Location. Wir wurden sofort freundlich empfangen und bei einem Kaffee alles Wichtige \u00fcber das Medienzentrum erfahren. Anschlie\u00dfend gab es auch eine F\u00fchrung durch das Geb\u00e4ude.<br \/>\nWienXtra f\u00fchrt spezielle Angebote wie Ferienspiele, JugendInfo, Spielebox, usw. mit Jugendlichen durch, macht ebenso Projekte mit anderen Einrichtungen und unterst\u00fctzt auch AMS-Kurse. Das Medienzentrum im Allgemeinen f\u00e4hrt mehrere Schienen: Jugendliche zwischen 10 und 22 Jahren organisieren mit Unterst\u00fctzung Medienprojekte und n\u00fctzen daf\u00fcr den Ger\u00e4teverleih, der vom Medienzentrum gegen eine Kaution zur Verf\u00fcgung gestellt wird. Inklusive sind Stative, Licht, Audioger\u00e4te, Spiegelreflexkameras, usw. Es werden pro Jahre ca. 500 Sets ausgebort, wobei es sehr selten zu Schadensf\u00e4llen kommt. Alle Angebote f\u00fcr Jugendliche sind kostenfrei (m\u00f6glich durch das MA13 der Stadt Wien). Einmal im Jahr findet sogar ein Filmfestival statt, wo die Jugendlichen die M\u00f6glichkeit bekommmen, ihre Projekte herzuzeigen und von einer Fachjury bewerten zu lassen. Geteilt werden die Projekte viel auf den sozialen Medien wie YouTube und Facebook. Die Kinder produzieren die Art von FIlm\/Geschichte\/Projekt, welches sie machen wollen &#8211; es gibt soweit kein Eingreifen von Seiten der Medienzentrumbetreuer. Insgesamt werden ca. 60 Filme\/Medienprojekte von Jugendlichen produziert, von denen ca. 1\/3 online zu finden sind. Das Medienzentrum stellt f\u00fcr die Bearbeitung von Filmen, etc. eigene Schnittr\u00e4ume und das ganze Equipment zur Verf\u00fcgung.<br \/>\nEs ist unglaublich, wie breitgef\u00e4chert und tiefgehend das Angebot im Medienzentrum ist. Auch das Personal ist wahnsinnig freundlich und sehr kompetent.<\/li>\n<li id=\"yui_3_17_2_2_1465835074857_277\"><strong>Relevanz f\u00fcr die medienp\u00e4dagogische Praxis<\/strong><br \/>\nDie Zielgruppen sind im Gro\u00dfen und Ganzen Jugendliche. Diese kommen in einzelnen Gruppen oder Schulklasse n\u00fctzen das angebotene Semesterprogramm, bei dem es um Videoprojekte, Medienkunst oder Tandemprojekte geht. Es werden aber auch Workshops f\u00fcr Eltern und P\u00e4dagogInnen angeboten im Zuge einer Fortbildung im Bereich Medienkompetenz. Ich k\u00f6nnte mich durchaus vorstellen, einige der Angebote f\u00fcr meine zuk\u00fcnftigen Klassen auszuprobieren.<\/li>\n<li id=\"yui_3_17_2_2_1465835074857_275\"><strong>Pers\u00f6nliche Stellungnahme<\/strong><br \/>\nDas Medienzentrum ist meiner Meinung nach sehr empfehlenswert, da die Jugendlichen die Chance bekommen, eigene Projekte und Visionen selbstst\u00e4ndig zu verwirklichen und das ganze ben\u00f6tigte Material zur Verf\u00fcgung gestellt bekommen. Ich bin fasziniert, wie viel Vetrauen hier den Jugendlichen gegeben wird und wie man sieht &#8211; es funnktioniert. Die Exkursion war sehr lehrreich f\u00fcr mich pers\u00f6nlich und hat mir definitiv Lust auf eigene Projekte gemacht.<br \/>\nIch werden das Medienzetrum auf jeden Fall weiterempfehlen und wenn m\u00f6glich sp\u00e4ter einmal selbst mit Schulklassen besuchen.<\/p>\n<div id=\"attachment_1336\" style=\"width: 5322px\" class=\"wp-caption alignleft\"><a href=\"http:\/\/podcampus.phwien.ac.at\/digimed\/files\/2016\/06\/20160418_165241.jpg\"><img loading=\"lazy\" decoding=\"async\" aria-describedby=\"caption-attachment-1336\" class=\"size-full wp-image-1336\" src=\"http:\/\/podcampus.phwien.ac.at\/digimed\/files\/2016\/06\/20160418_165241.jpg\" alt=\"Studio\" width=\"5312\" height=\"2988\" srcset=\"https:\/\/digimed.phwien.ac.at\/wp-content\/uploads\/2016\/06\/20160418_165241.jpg 5312w, https:\/\/digimed.phwien.ac.at\/wp-content\/uploads\/2016\/06\/20160418_165241-300x169.jpg 300w, https:\/\/digimed.phwien.ac.at\/wp-content\/uploads\/2016\/06\/20160418_165241-1024x576.jpg 1024w, https:\/\/digimed.phwien.ac.at\/wp-content\/uploads\/2016\/06\/20160418_165241-500x281.jpg 500w\" sizes=\"auto, (max-width: 5312px) 100vw, 5312px\" \/><\/a><p id=\"caption-attachment-1336\" class=\"wp-caption-text\">Studio<\/p><\/div>\n<div id=\"attachment_1337\" style=\"width: 5322px\" class=\"wp-caption alignleft\"><a href=\"http:\/\/podcampus.phwien.ac.at\/digimed\/files\/2016\/06\/20160418_165253.jpg\"><img loading=\"lazy\" decoding=\"async\" aria-describedby=\"caption-attachment-1337\" class=\"size-full wp-image-1337\" src=\"http:\/\/podcampus.phwien.ac.at\/digimed\/files\/2016\/06\/20160418_165253.jpg\" alt=\"Studio\" width=\"5312\" height=\"2988\" srcset=\"https:\/\/digimed.phwien.ac.at\/wp-content\/uploads\/2016\/06\/20160418_165253.jpg 5312w, https:\/\/digimed.phwien.ac.at\/wp-content\/uploads\/2016\/06\/20160418_165253-300x169.jpg 300w, https:\/\/digimed.phwien.ac.at\/wp-content\/uploads\/2016\/06\/20160418_165253-1024x576.jpg 1024w, https:\/\/digimed.phwien.ac.at\/wp-content\/uploads\/2016\/06\/20160418_165253-500x281.jpg 500w\" sizes=\"auto, (max-width: 5312px) 100vw, 5312px\" \/><\/a><p id=\"caption-attachment-1337\" class=\"wp-caption-text\">Studio<\/p><\/div>\n<div id=\"attachment_1338\" style=\"width: 5322px\" class=\"wp-caption alignleft\"><a href=\"http:\/\/podcampus.phwien.ac.at\/digimed\/files\/2016\/06\/20160418_165911.jpg\"><img loading=\"lazy\" decoding=\"async\" aria-describedby=\"caption-attachment-1338\" class=\"size-full wp-image-1338\" src=\"http:\/\/podcampus.phwien.ac.at\/digimed\/files\/2016\/06\/20160418_165911.jpg\" alt=\"Schnittplatz\" width=\"5312\" height=\"2988\" srcset=\"https:\/\/digimed.phwien.ac.at\/wp-content\/uploads\/2016\/06\/20160418_165911.jpg 5312w, https:\/\/digimed.phwien.ac.at\/wp-content\/uploads\/2016\/06\/20160418_165911-300x169.jpg 300w, https:\/\/digimed.phwien.ac.at\/wp-content\/uploads\/2016\/06\/20160418_165911-1024x576.jpg 1024w, https:\/\/digimed.phwien.ac.at\/wp-content\/uploads\/2016\/06\/20160418_165911-500x281.jpg 500w\" sizes=\"auto, (max-width: 5312px) 100vw, 5312px\" \/><\/a><p id=\"caption-attachment-1338\" class=\"wp-caption-text\">Schnittplatz<\/p><\/div>\n<div id=\"attachment_1339\" style=\"width: 5322px\" class=\"wp-caption alignleft\"><a href=\"http:\/\/podcampus.phwien.ac.at\/digimed\/files\/2016\/06\/20160418_170426.jpg\"><img loading=\"lazy\" decoding=\"async\" aria-describedby=\"caption-attachment-1339\" class=\"size-full wp-image-1339\" src=\"http:\/\/podcampus.phwien.ac.at\/digimed\/files\/2016\/06\/20160418_170426.jpg\" alt=\"Schnittplatz\" width=\"5312\" height=\"2988\" srcset=\"https:\/\/digimed.phwien.ac.at\/wp-content\/uploads\/2016\/06\/20160418_170426.jpg 5312w, https:\/\/digimed.phwien.ac.at\/wp-content\/uploads\/2016\/06\/20160418_170426-300x169.jpg 300w, https:\/\/digimed.phwien.ac.at\/wp-content\/uploads\/2016\/06\/20160418_170426-1024x576.jpg 1024w, https:\/\/digimed.phwien.ac.at\/wp-content\/uploads\/2016\/06\/20160418_170426-500x281.jpg 500w\" sizes=\"auto, (max-width: 5312px) 100vw, 5312px\" \/><\/a><p id=\"caption-attachment-1339\" class=\"wp-caption-text\">Schnittplatz<\/p><\/div>\n<p><div id=\"attachment_1340\" style=\"width: 5322px\" class=\"wp-caption alignleft\"><a href=\"http:\/\/podcampus.phwien.ac.at\/digimed\/files\/2016\/06\/20160418_170617.jpg\"><img loading=\"lazy\" decoding=\"async\" aria-describedby=\"caption-attachment-1340\" class=\"size-full wp-image-1340\" src=\"http:\/\/podcampus.phwien.ac.at\/digimed\/files\/2016\/06\/20160418_170617.jpg\" alt=\"Material zum Verleihen\" width=\"5312\" height=\"2988\" srcset=\"https:\/\/digimed.phwien.ac.at\/wp-content\/uploads\/2016\/06\/20160418_170617.jpg 5312w, https:\/\/digimed.phwien.ac.at\/wp-content\/uploads\/2016\/06\/20160418_170617-300x169.jpg 300w, https:\/\/digimed.phwien.ac.at\/wp-content\/uploads\/2016\/06\/20160418_170617-1024x576.jpg 1024w, https:\/\/digimed.phwien.ac.at\/wp-content\/uploads\/2016\/06\/20160418_170617-500x281.jpg 500w\" sizes=\"auto, (max-width: 5312px) 100vw, 5312px\" \/><\/a><p id=\"caption-attachment-1340\" class=\"wp-caption-text\">Material zum Verleihen<\/p><\/div><\/li>\n<\/ul>\n","protected":false},"excerpt":{"rendered":"<p>Exkursion #1 Medienp\u00e4dagogik SS 2016 Name: Julia Klippl Exkursionsziel: Medienzentrum wienXtra Datum des Besuches: 18.April 2016 pers\u00f6nliche Eindr\u00fccke von der Exkursion Sobald man in das Medienzentrum eintritt, sp\u00fcrt man die positive Atmosph\u00e4re und die jugendfreundliche Gestaltung der Location. Wir wurden <span class=\"readmore\"><a href=\"https:\/\/digimed.phwien.ac.at\/?p=1335\">Continue Reading<\/a><\/span><\/p>\n","protected":false},"author":5,"featured_media":0,"comment_status":"closed","ping_status":"open","sticky":false,"template":"","format":"standard","meta":{"footnotes":""},"categories":[3,12],"tags":[128,236,237,387],"class_list":["post-1335","post","type-post","status-publish","format-standard","hentry","category-exk","category-mz","tag-exkursion","tag-medienpadagogik","tag-medienzentrum","tag-wienxtra"],"_links":{"self":[{"href":"https:\/\/digimed.phwien.ac.at\/index.php?rest_route=\/wp\/v2\/posts\/1335","targetHints":{"allow":["GET"]}}],"collection":[{"href":"https:\/\/digimed.phwien.ac.at\/index.php?rest_route=\/wp\/v2\/posts"}],"about":[{"href":"https:\/\/digimed.phwien.ac.at\/index.php?rest_route=\/wp\/v2\/types\/post"}],"author":[{"embeddable":true,"href":"https:\/\/digimed.phwien.ac.at\/index.php?rest_route=\/wp\/v2\/users\/5"}],"replies":[{"embeddable":true,"href":"https:\/\/digimed.phwien.ac.at\/index.php?rest_route=%2Fwp%2Fv2%2Fcomments&post=1335"}],"version-history":[{"count":0,"href":"https:\/\/digimed.phwien.ac.at\/index.php?rest_route=\/wp\/v2\/posts\/1335\/revisions"}],"wp:attachment":[{"href":"https:\/\/digimed.phwien.ac.at\/index.php?rest_route=%2Fwp%2Fv2%2Fmedia&parent=1335"}],"wp:term":[{"taxonomy":"category","embeddable":true,"href":"https:\/\/digimed.phwien.ac.at\/index.php?rest_route=%2Fwp%2Fv2%2Fcategories&post=1335"},{"taxonomy":"post_tag","embeddable":true,"href":"https:\/\/digimed.phwien.ac.at\/index.php?rest_route=%2Fwp%2Fv2%2Ftags&post=1335"}],"curies":[{"name":"wp","href":"https:\/\/api.w.org\/{rel}","templated":true}]}}