{"id":1384,"date":"2016-06-24T23:17:06","date_gmt":"2016-06-24T21:17:06","guid":{"rendered":"http:\/\/podcampus.phwien.ac.at\/digimed\/?p=1384"},"modified":"2016-06-24T23:17:06","modified_gmt":"2016-06-24T21:17:06","slug":"melinda-velhorn-beim-barcamp-medienbildung-jetzt-2016","status":"publish","type":"post","link":"https:\/\/digimed.phwien.ac.at\/?p=1384","title":{"rendered":"Melinda Velhorn beim &#8222;Barcamp Medienbildung JETZT! 2016&#8220;"},"content":{"rendered":"<p><strong>Wann:<\/strong> Do 21. \u2013 Fr 22. April, 15-21 Uhr<\/p>\n<p><strong> Wo: <\/strong>wienxtra-medienzentrum, Zieglergasse 49\/II. 1070 Wien<\/p>\n<p>Ich muss zugeben, dass ich bis kurz vor dieser \u201eExkursion\u201c gar nicht wusste, was \u201eBarcamp\u201c bedeutet, und von der Initiative \u201eMedienbildung JETZT!\u201c hatte ich auch noch nicht geh\u00f6rt. Aus diesem Grund informierte ich mich als Erstes <a href=\"http:\/\/www.medienbildungjetzt.at\/ueber-die-inititative-medienbildung-jetzt\" target=\"_blank\" rel=\"noopener noreferrer\">hier<\/a> und <a href=\"https:\/\/de.wikipedia.org\/wiki\/Barcamp\" target=\"_blank\" rel=\"noopener noreferrer\">hier<\/a>, und meldete mich anschlie\u00dfend f\u00fcr die Veranstaltung an.<\/p>\n<p>Der aktuelle Gastgeber f\u00fcr dieses Barcamp war das <a href=\"http:\/\/www.wienxtra.at\/medienzentrum\/erwachsene\/ueber-uns\/\" target=\"_blank\" rel=\"noopener noreferrer\">wienXtra-medienzentrum<\/a>, wo mich eine sehr freundliche und gem\u00fctliche Atmosph\u00e4re erwartete. Die Leiterin des Medienzentrums moderierte die zwei Abende, aber f\u00fcr die Gestaltung des Programms waren alle TeilnehmerInnen verantwortlich. Meine Erwartungen wurden voll und ganz erf\u00fcllt. Ich konnte Personen aus verschiedenen Berufsbereichen (Bildung, Politik, Vereine, \u2026), die alle etwas mit Medienbildung zu tun haben, kennenlernen, an interessanten Sessions teilnehmen und diskutieren, und die Pausen f\u00fcr vertiefende Gespr\u00e4che nutzen. <a href=\"http:\/\/www.medienbildungjetzt.at\/Archive\/category\/barcamp-2016\" target=\"_blank\" rel=\"noopener noreferrer\">Hier mehr zum Programm<\/a>.<\/p>\n<p>Die Gespr\u00e4chsrunde \u00fcber Mehrsprachigkeit und die Unterst\u00fctzungsm\u00f6glichkeiten des Spracherwerbs durch Medien war f\u00fcr mich besonders lehrreich, da diese Thematik zu\u00a0meinen Schwerpunkten im Studium z\u00e4hlt, und wir in einem Seminar an einem dazu passenden Projekt arbeiten.<\/p>\n<p>Auch den Workshop \u201eAnaloge Fototechnik \u2013 Fotogramme\u201c m\u00f6chte ich vom Programm hervorheben. Diese Technik, die man durchaus auch mit Sch\u00fclerInnen ausprobieren kann, faszinierte mich sehr, und am Ende hielt ich stolz meine selbst hergestellten Fotogramme in der Hand.<\/p>\n<p><a href=\"http:\/\/podcampus.phwien.ac.at\/digimed\/files\/2016\/06\/Fotogramm1.jpg\"><img loading=\"lazy\" decoding=\"async\" class=\"wp-image-1385 size-thumbnail alignleft\" src=\"http:\/\/podcampus.phwien.ac.at\/digimed\/files\/2016\/06\/Fotogramm1-150x150.jpg\" alt=\"Fotogramm1\" width=\"150\" height=\"150\" \/><\/a><\/p>\n<div id=\"attachment_1387\" style=\"width: 160px\" class=\"wp-caption alignright\"><a href=\"http:\/\/podcampus.phwien.ac.at\/digimed\/files\/2016\/06\/Fotogramm3.jpg\"><img loading=\"lazy\" decoding=\"async\" aria-describedby=\"caption-attachment-1387\" class=\"wp-image-1387 size-thumbnail\" src=\"http:\/\/podcampus.phwien.ac.at\/digimed\/files\/2016\/06\/Fotogramm3-150x150.jpg\" alt=\"erstellt in Partnerarbeit\" width=\"150\" height=\"150\" \/><\/a><p id=\"caption-attachment-1387\" class=\"wp-caption-text\">erstellt in Partnerarbeit<\/p><\/div>\n<p>&nbsp;<\/p>\n<p>&nbsp;<\/p>\n<p>&nbsp;<\/p>\n<p>&nbsp;<\/p>\n<p>&nbsp;<\/p>\n<p>&nbsp;<\/p>\n<p>Vom \u201eBarcamp Medienbildung JETZT!\u201c konnte ich viel sowohl auf pers\u00f6nlicher, als auch auf fachlicher Ebene profitieren. Eine Teilnahme ist f\u00fcr jede Person empfehlenswert, die Medienbildung f\u00fcr ein wichtiges Thema h\u00e4lt, unabh\u00e4ngig davon, wieviel Erfahrung und Wissen sie in diesem Bereich schon hat.<\/p>\n<p>Das n\u00e4chste <a href=\"http:\/\/www.medienbildungjetzt.at\/Archive\/2517\" target=\"_blank\" rel=\"noopener noreferrer\">Vernetzungstreffen<\/a> findet \u00fcbrigens am 4. Juli 2016 statt. \ud83d\ude42<\/p>\n","protected":false},"excerpt":{"rendered":"<p>Wann: Do 21. \u2013 Fr 22. April, 15-21 Uhr Wo: wienxtra-medienzentrum, Zieglergasse 49\/II. 1070 Wien Ich muss zugeben, dass ich bis kurz vor dieser \u201eExkursion\u201c gar nicht wusste, was \u201eBarcamp\u201c bedeutet, und von der Initiative \u201eMedienbildung JETZT!\u201c hatte ich auch <span class=\"readmore\"><a href=\"https:\/\/digimed.phwien.ac.at\/?p=1384\">Continue Reading<\/a><\/span><\/p>\n","protected":false},"author":5,"featured_media":0,"comment_status":"open","ping_status":"open","sticky":false,"template":"","format":"standard","meta":{"footnotes":""},"categories":[3,23],"tags":[75,128,232,256,280],"class_list":["post-1384","post","type-post","status-publish","format-standard","hentry","category-exk","category-sonstiges","tag-barcamp","tag-exkursion","tag-medienbildung","tag-mv","tag-proj16"],"_links":{"self":[{"href":"https:\/\/digimed.phwien.ac.at\/index.php?rest_route=\/wp\/v2\/posts\/1384","targetHints":{"allow":["GET"]}}],"collection":[{"href":"https:\/\/digimed.phwien.ac.at\/index.php?rest_route=\/wp\/v2\/posts"}],"about":[{"href":"https:\/\/digimed.phwien.ac.at\/index.php?rest_route=\/wp\/v2\/types\/post"}],"author":[{"embeddable":true,"href":"https:\/\/digimed.phwien.ac.at\/index.php?rest_route=\/wp\/v2\/users\/5"}],"replies":[{"embeddable":true,"href":"https:\/\/digimed.phwien.ac.at\/index.php?rest_route=%2Fwp%2Fv2%2Fcomments&post=1384"}],"version-history":[{"count":0,"href":"https:\/\/digimed.phwien.ac.at\/index.php?rest_route=\/wp\/v2\/posts\/1384\/revisions"}],"wp:attachment":[{"href":"https:\/\/digimed.phwien.ac.at\/index.php?rest_route=%2Fwp%2Fv2%2Fmedia&parent=1384"}],"wp:term":[{"taxonomy":"category","embeddable":true,"href":"https:\/\/digimed.phwien.ac.at\/index.php?rest_route=%2Fwp%2Fv2%2Fcategories&post=1384"},{"taxonomy":"post_tag","embeddable":true,"href":"https:\/\/digimed.phwien.ac.at\/index.php?rest_route=%2Fwp%2Fv2%2Ftags&post=1384"}],"curies":[{"name":"wp","href":"https:\/\/api.w.org\/{rel}","templated":true}]}}