{"id":1390,"date":"2016-06-28T12:09:57","date_gmt":"2016-06-28T10:09:57","guid":{"rendered":"http:\/\/podcampus.phwien.ac.at\/digimed\/?p=1390"},"modified":"2016-06-28T12:09:57","modified_gmt":"2016-06-28T10:09:57","slug":"exkursion-medienzentrum-wienxtra-medienpaedagogik-ss16","status":"publish","type":"post","link":"https:\/\/digimed.phwien.ac.at\/?p=1390","title":{"rendered":"Medienzentrum WienXtra"},"content":{"rendered":"<ul>\n<li><strong>Name:<\/strong>\u00a0Jeannine Prentner<\/li>\n<li><strong>Exkursionsziel:<\/strong> Medienzentrum wienXtra<\/li>\n<li><strong>Datum des Besuches: <\/strong>18.<b>\u00a0<\/b>April 2016<\/li>\n<li><strong>pers\u00f6nliche Eindr\u00fccke von der Exkursion:<\/strong><\/li>\n<\/ul>\n<p>Ich hatte zuvor noch keine Ahnung was mich bei dieser Exkursion erwarten wird. Ich war schon zu Beginn positiv von der Atmosph\u00e4re und der Bildungseinrichtung \u00fcberrascht. Die Dame, welche die Exkursion mit uns durchf\u00fchrte war sehr freundlich und zuvorkommend. Sie erkl\u00e4rte uns ganz ausf\u00fchrlich was die Ziele dieser Bildungseinrichtung sind und womit sie sich besch\u00e4ftigen. Sie nahm sich wirklich ausreichend Zeit um all unsere Fragen zu beantworten und mir viel vor allem ihre positive Art und das Engagement auf, welches Sie an den Tag legte wenn sie \u00fcber das Medienzentrum sprach.<\/p>\n<p>Wien-Xtra: Das Medienzentrum ist eine Bildungseinrichtung welche vor allem mit Jugendlichen von 10-22 zusammenarbeitet. Die Bildungseinrichtung entstand vor allem durch die Idee der selbstst\u00e4ndigen Arbeit mit Videokameras. Das Medienzentrum bietet einen Verleih an Ger\u00e4ten an wo diverse Kameras und entsprechendes Equipment vorhanden ist. 1 Kameraset bel\u00e4uft sich in etwa auf 4000\u20ac. Die Jugendlichen k\u00f6nnen selbst\u00e4ndig in das Zentrum kommen und sich die Sets ausleihen. Jugendliche unter 14 Jahren m\u00fcssen dies in Begleitung ihrer Eltern machen oder in Begleitung eines Bruders oder eine Schwester welche vollj\u00e4hrig ist. Die Jugendlichen gehen dementsprechend verantwortungsbewusst damit um und es gibt nur in seltenen F\u00e4llen Sch\u00e4den an den Ger\u00e4ten. Pro Jahr werden die Ger\u00e4te an die 500 mal verliehen.<\/p>\n<p>Die Angebote sind f\u00fcr die Jugendlichen zur G\u00e4nze kostenlos. Das Medienzentrum WienXtra wird vor allem von der Stadt Wien, der MA 13 gef\u00f6rdert und finanziell unterst\u00fctzt.<\/p>\n<p>Die Angebote sind sehr breit gef\u00e4chert, unter anderem bieten sie in den Ferien Workshops an und einmal pro Jahr findet ein Festival statt, wo die Jugendlichen ihre Filmprojekte vorstellen und pr\u00e4sentieren k\u00f6nnen. Beurteilt wird das Ergebnis durch eine Fachjury.\u00a0Geteilt werden die Projekte viel auf den sozialen Medien wie YouTube und Facebook. \u00a0Insgesamt werden ca. 60 Filme\/Medienprojekte von Jugendlichen produziert, von denen ca. 1\/3 online zu finden sind. Das Medienzentrum stellt f\u00fcr die Bearbeitung von Filmen, auch\u00a0eigene Schnittr\u00e4ume und das ganze Equipment zur Verf\u00fcgung.<\/p>\n<p>Ebenso gibt es Kooperationen zwischen dem Medienzentrum und dem AMS, damit auch Jugendliche die M\u00f6glichkeit haben das Medienzentrum zu finden und das Angebot von WienXtra zu nutzen.<\/p>\n<p>Seit geraumer Zeit bietet das Medienzentrum ebenfalls Fortbildungen f\u00fcr LehrerInnen an und es werden Tandemprojekte durchgef\u00fchrt. Mit diesen Projekten versuchen sie gemeinsam mit P\u00e4dagogInnen Entwicklungen und Durchf\u00fchrungen verschiedener Projekte zu planen und umzusetzen.<\/p>\n<p>Ebenso gibt es ein Angebot zur Fortbildung f\u00fcr Eltern. WienXtra organisiert auch jedes Jahr eine gro\u00dfe Party f\u00fcr die Jugendlichen im Rathaus. Es gibt dann eine Elternecke (eigener Raum) wo das Medienzentrum unterschiedliche App-Spiele zur Verf\u00fcgung stellt, welche von den Eltern ausprobiert werden k\u00f6nnen.<\/p>\n<ul>\n<li><strong>Relevanz f\u00fcr die medienp\u00e4dagogische Praxis<\/strong><\/li>\n<\/ul>\n<p>Die Zielgruppen sind nat\u00fcrlich vor allem Jugendliche. Ich denke, dass das Medienzentrum ein sehr gro\u00dfes Angebot an M\u00f6glichkeiten bietet um mit den verschiedensten Materialien und Equipments zu arbeiten. Ich denke, dass diese M\u00f6glichkeit vor allem auch im Unterricht gen\u00fctzt werden kann und ich w\u00fcrde mit meinen Sch\u00fclerInnen auf alle F\u00e4lle in diesem Bereich arbeiten wollen und dementsprechend eine Exkursion zu planen.<\/p>\n<ul>\n<li><strong>Pers\u00f6nliche Stellungnahme<\/strong><\/li>\n<\/ul>\n<p>Ich konnte wirklich positive Eindr\u00fccke zum Medienzentrum sammeln und w\u00fcrde es auf alle F\u00e4lle weiterempfehlen. Ich denke, dass es sehr wichtig ist, dass unsere Sch\u00fclerInnen auch lernen in diesem Bereich arbeiten zu k\u00f6nnen und daher denke ich, dass das WienXtra auf alle F\u00e4lle einen Besuch wert ist. Die Jugendbetreuung und Arbeit und auch das kompetente und freundliche Personal ist ebenso ein Aspekt welchen ich in Betracht ziehe und daher das Medienzentrum nur weiterempfehlen kann. Die Jugendlichen bekommen die Chance eigene Ideen und Projekte umzusetzen und zu verwirklichen und das Vertrauen welches ihnen seitens der Betreuer entgegengebracht wird ist wirklich toll und es funktioniert sehr gut. Die Exkursion hat mir selber sehr viel Spa\u00df gemacht und ich war positiv \u00fcberrascht welche M\u00f6glichkeiten es f\u00fcr Jugendliche in diesem Bereich gibt.<\/p>\n<p>Ich werde auf alle F\u00e4lle mit meine Schulklassen das Medienzentrum besuchen.<\/p>\n<p>&nbsp;<\/p>\n\n\t\t<style type=\"text\/css\">\n\t\t\t#gallery-1 {\n\t\t\t\tmargin: auto;\n\t\t\t}\n\t\t\t#gallery-1 .gallery-item {\n\t\t\t\tfloat: left;\n\t\t\t\tmargin-top: 10px;\n\t\t\t\ttext-align: center;\n\t\t\t\twidth: 33%;\n\t\t\t}\n\t\t\t#gallery-1 img {\n\t\t\t\tborder: 2px solid #cfcfcf;\n\t\t\t}\n\t\t\t#gallery-1 .gallery-caption {\n\t\t\t\tmargin-left: 0;\n\t\t\t}\n\t\t\t\/* see gallery_shortcode() in wp-includes\/media.php *\/\n\t\t<\/style>\n\t\t<div id='gallery-1' class='gallery galleryid-1390 gallery-columns-3 gallery-size-thumbnail'><dl class='gallery-item'>\n\t\t\t<dt class='gallery-icon landscape'>\n\t\t\t\t<a href='https:\/\/digimed.phwien.ac.at\/?attachment_id=1392#main'><img loading=\"lazy\" decoding=\"async\" width=\"150\" height=\"150\" src=\"https:\/\/digimed.phwien.ac.at\/wp-content\/uploads\/2016\/06\/IMG_1057-150x150.jpg\" class=\"attachment-thumbnail size-thumbnail\" alt=\"\" aria-describedby=\"gallery-1-1392\" \/><\/a>\n\t\t\t<\/dt>\n\t\t\t\t<dd class='wp-caption-text gallery-caption' id='gallery-1-1392'>\n\t\t\t\tFotostudio\n\t\t\t\t<\/dd><\/dl><dl class='gallery-item'>\n\t\t\t<dt class='gallery-icon landscape'>\n\t\t\t\t<a href='https:\/\/digimed.phwien.ac.at\/?attachment_id=1391#main'><img loading=\"lazy\" decoding=\"async\" width=\"150\" height=\"150\" src=\"https:\/\/digimed.phwien.ac.at\/wp-content\/uploads\/2016\/06\/IMG_1056-150x150.jpg\" class=\"attachment-thumbnail size-thumbnail\" alt=\"\" \/><\/a>\n\t\t\t<\/dt><\/dl><dl class='gallery-item'>\n\t\t\t<dt class='gallery-icon landscape'>\n\t\t\t\t<a href='https:\/\/digimed.phwien.ac.at\/?attachment_id=1393#main'><img loading=\"lazy\" decoding=\"async\" width=\"150\" height=\"150\" src=\"https:\/\/digimed.phwien.ac.at\/wp-content\/uploads\/2016\/06\/IMG_1058-150x150.jpg\" class=\"attachment-thumbnail size-thumbnail\" alt=\"\" aria-describedby=\"gallery-1-1393\" \/><\/a>\n\t\t\t<\/dt>\n\t\t\t\t<dd class='wp-caption-text gallery-caption' id='gallery-1-1393'>\n\t\t\t\tFotostudio\n\t\t\t\t<\/dd><\/dl><br style=\"clear: both\" \/><dl class='gallery-item'>\n\t\t\t<dt class='gallery-icon landscape'>\n\t\t\t\t<a href='https:\/\/digimed.phwien.ac.at\/?attachment_id=1394#main'><img loading=\"lazy\" decoding=\"async\" width=\"150\" height=\"150\" src=\"https:\/\/digimed.phwien.ac.at\/wp-content\/uploads\/2016\/06\/IMG_1060-150x150.jpg\" class=\"attachment-thumbnail size-thumbnail\" alt=\"\" aria-describedby=\"gallery-1-1394\" \/><\/a>\n\t\t\t<\/dt>\n\t\t\t\t<dd class='wp-caption-text gallery-caption' id='gallery-1-1394'>\n\t\t\t\tSchnittstelle\n\t\t\t\t<\/dd><\/dl><dl class='gallery-item'>\n\t\t\t<dt class='gallery-icon landscape'>\n\t\t\t\t<a href='https:\/\/digimed.phwien.ac.at\/?attachment_id=1395#main'><img loading=\"lazy\" decoding=\"async\" width=\"150\" height=\"150\" src=\"https:\/\/digimed.phwien.ac.at\/wp-content\/uploads\/2016\/06\/IMG_1059-150x150.jpg\" class=\"attachment-thumbnail size-thumbnail\" alt=\"\" aria-describedby=\"gallery-1-1395\" \/><\/a>\n\t\t\t<\/dt>\n\t\t\t\t<dd class='wp-caption-text gallery-caption' id='gallery-1-1395'>\n\t\t\t\tEquipment-Verleih\n\t\t\t\t<\/dd><\/dl>\n\t\t\t<br style='clear: both' \/>\n\t\t<\/div>\n\n<p>&nbsp;<\/p>\n<p>&nbsp;<\/p>\n<p>&nbsp;<\/p>\n","protected":false},"excerpt":{"rendered":"<p>Name:\u00a0Jeannine Prentner Exkursionsziel: Medienzentrum wienXtra Datum des Besuches: 18.\u00a0April 2016 pers\u00f6nliche Eindr\u00fccke von der Exkursion: Ich hatte zuvor noch keine Ahnung was mich bei dieser Exkursion erwarten wird. Ich war schon zu Beginn positiv von der Atmosph\u00e4re und der Bildungseinrichtung <span class=\"readmore\"><a href=\"https:\/\/digimed.phwien.ac.at\/?p=1390\">Continue Reading<\/a><\/span><\/p>\n","protected":false},"author":5,"featured_media":0,"comment_status":"open","ping_status":"open","sticky":false,"template":"","format":"standard","meta":{"footnotes":""},"categories":[3,12],"tags":[236,237,331,387],"class_list":["post-1390","post","type-post","status-publish","format-standard","hentry","category-exk","category-mz","tag-medienpadagogik","tag-medienzentrum","tag-ss16","tag-wienxtra"],"_links":{"self":[{"href":"https:\/\/digimed.phwien.ac.at\/index.php?rest_route=\/wp\/v2\/posts\/1390","targetHints":{"allow":["GET"]}}],"collection":[{"href":"https:\/\/digimed.phwien.ac.at\/index.php?rest_route=\/wp\/v2\/posts"}],"about":[{"href":"https:\/\/digimed.phwien.ac.at\/index.php?rest_route=\/wp\/v2\/types\/post"}],"author":[{"embeddable":true,"href":"https:\/\/digimed.phwien.ac.at\/index.php?rest_route=\/wp\/v2\/users\/5"}],"replies":[{"embeddable":true,"href":"https:\/\/digimed.phwien.ac.at\/index.php?rest_route=%2Fwp%2Fv2%2Fcomments&post=1390"}],"version-history":[{"count":0,"href":"https:\/\/digimed.phwien.ac.at\/index.php?rest_route=\/wp\/v2\/posts\/1390\/revisions"}],"wp:attachment":[{"href":"https:\/\/digimed.phwien.ac.at\/index.php?rest_route=%2Fwp%2Fv2%2Fmedia&parent=1390"}],"wp:term":[{"taxonomy":"category","embeddable":true,"href":"https:\/\/digimed.phwien.ac.at\/index.php?rest_route=%2Fwp%2Fv2%2Fcategories&post=1390"},{"taxonomy":"post_tag","embeddable":true,"href":"https:\/\/digimed.phwien.ac.at\/index.php?rest_route=%2Fwp%2Fv2%2Ftags&post=1390"}],"curies":[{"name":"wp","href":"https:\/\/api.w.org\/{rel}","templated":true}]}}