{"id":1523,"date":"2017-01-11T19:06:23","date_gmt":"2017-01-11T17:06:23","guid":{"rendered":"http:\/\/podcampus.phwien.ac.at\/digimed\/?p=1523"},"modified":"2017-01-11T19:06:23","modified_gmt":"2017-01-11T17:06:23","slug":"oliver-klammer-ein-besuch-in-der-medienwelt-des-technischen-museums","status":"publish","type":"post","link":"https:\/\/digimed.phwien.ac.at\/?p=1523","title":{"rendered":"Oliver Klammer: ein Besuch in der Medienwelt des technischen Museums"},"content":{"rendered":"<p>Ich war am Freitag den 16. Dezember im technischen Museum in der Ausstellung: medien.welten. Ich war sehr beeindruckt von der Gr\u00f6\u00dfe der Ausstellung. Im Nachhinein habe ich dann gelesen dass das Ganze auf fast 2500m\u00b2 ausgestellt wird.<\/p>\n<p>Was beim technischen Museum sehr hervorzuheben ist, ist dass sie sich sehr viel M\u00fche geben ihr Angebot auch f\u00fcr junge Leute attraktiv zu machen, und das war auch in dieser Ausstellung sehr gut zu sehen. F\u00fcr mich war es nicht wirklich was ausgestellt wurde dass mich beeindruckt hat sondern wie sie es aufgearbeitet haben und auch wie die Ausstellungsst\u00fccke pr\u00e4sentiert werden. Die meisten Ger\u00e4te und Ausstellungsst\u00fccke hatte ich bei Besuchen davor schon mal entweder im technischen Museum oder in anderen Ausstellungen gesehen. Aber einfach wie sie die Geschichte der verschiedenen Medien zum Beispiel die des Buches multimedial dargestellt haben war nicht nur informativ sondern auch interessant aufgearbeitet.<\/p>\n<p>Interaktion wird sehr gro\u00df geschrieben im technischen Museum. Deshalb gibt es nicht nur spezielle Eintrittspreise f\u00fcr Kinder und Jugendliche oder gar Schulklassen sondern auch M\u00f6glichkeiten R\u00e4tselrallys vorher auf der offiziellen Homepage des technischen Museum herunterzuladen und mit den Sch\u00fclerInnen dann gemeinsam zu bearbeiten, wobei die Schwierigkeitsgrade je nach Klasse und Alter eingestellt werden k\u00f6nnen. Auch spezielle F\u00fchrungen zu den verschiedenen Themen wie eben z.B. Mediengeschichte usw. k\u00f6nnen gebucht werden.<\/p>\n<p>Alles in Allem lohnt sich ein Besuch im technischen Museum meiner Meinung nach sehr. Ich glaube dass jede\/r Sch\u00fclerIn etwas von einem Besuch hier hat.<\/p>\n","protected":false},"excerpt":{"rendered":"<p>Ich war am Freitag den 16. Dezember im technischen Museum in der Ausstellung: medien.welten. Ich war sehr beeindruckt von der Gr\u00f6\u00dfe der Ausstellung. Im Nachhinein habe ich dann gelesen dass das Ganze auf fast 2500m\u00b2 ausgestellt wird. Was beim technischen <span class=\"readmore\"><a href=\"https:\/\/digimed.phwien.ac.at\/?p=1523\">Continue Reading<\/a><\/span><\/p>\n","protected":false},"author":5,"featured_media":0,"comment_status":"open","ping_status":"open","sticky":false,"template":"","format":"standard","meta":{"footnotes":""},"categories":[3,25],"tags":[128,236,267,350],"class_list":["post-1523","post","type-post","status-publish","format-standard","hentry","category-exk","category-tmw","tag-exkursion","tag-medienpadagogik","tag-padagogik","tag-technisches-museum"],"_links":{"self":[{"href":"https:\/\/digimed.phwien.ac.at\/index.php?rest_route=\/wp\/v2\/posts\/1523","targetHints":{"allow":["GET"]}}],"collection":[{"href":"https:\/\/digimed.phwien.ac.at\/index.php?rest_route=\/wp\/v2\/posts"}],"about":[{"href":"https:\/\/digimed.phwien.ac.at\/index.php?rest_route=\/wp\/v2\/types\/post"}],"author":[{"embeddable":true,"href":"https:\/\/digimed.phwien.ac.at\/index.php?rest_route=\/wp\/v2\/users\/5"}],"replies":[{"embeddable":true,"href":"https:\/\/digimed.phwien.ac.at\/index.php?rest_route=%2Fwp%2Fv2%2Fcomments&post=1523"}],"version-history":[{"count":0,"href":"https:\/\/digimed.phwien.ac.at\/index.php?rest_route=\/wp\/v2\/posts\/1523\/revisions"}],"wp:attachment":[{"href":"https:\/\/digimed.phwien.ac.at\/index.php?rest_route=%2Fwp%2Fv2%2Fmedia&parent=1523"}],"wp:term":[{"taxonomy":"category","embeddable":true,"href":"https:\/\/digimed.phwien.ac.at\/index.php?rest_route=%2Fwp%2Fv2%2Fcategories&post=1523"},{"taxonomy":"post_tag","embeddable":true,"href":"https:\/\/digimed.phwien.ac.at\/index.php?rest_route=%2Fwp%2Fv2%2Ftags&post=1523"}],"curies":[{"name":"wp","href":"https:\/\/api.w.org\/{rel}","templated":true}]}}