{"id":1539,"date":"2017-02-10T18:54:07","date_gmt":"2017-02-10T16:54:07","guid":{"rendered":"http:\/\/podcampus.phwien.ac.at\/digimed\/?p=1539"},"modified":"2017-02-10T18:54:07","modified_gmt":"2017-02-10T16:54:07","slug":"time-travel-mediale-reise-durch-die-geschichte-wiens","status":"publish","type":"post","link":"https:\/\/digimed.phwien.ac.at\/?p=1539","title":{"rendered":"TIME TRAVEL &#8211; mediale Reise durch die Geschichte Wiens"},"content":{"rendered":"<p><u>\u201eTime Travel\u201c \u2013 eine kurze Reise durch die Geschichte von Wien<\/u><\/p>\n<p><em>von Rafaela Grosschedl<\/em><\/p>\n<p>Am 22.04.2016 besuchte ich das Museum \u201eTime Travel\u201c in der Habsburgergasse in Wien. Dieses Museum ist deshalb sehr gut erreichbar, da es nur einige Gehminuten vom Stephansdom entfernt ist.<\/p>\n<p><a href=\"http:\/\/podcampus.phwien.ac.at\/digimed\/2017\/02\/10\/time-travel-mediale-reise-durch-die-geschichte-wiens\/anfahrt\/\" rel=\"attachment wp-att-1540\"><img loading=\"lazy\" decoding=\"async\" class=\"alignleft size-full wp-image-1540\" src=\"http:\/\/podcampus.phwien.ac.at\/digimed\/files\/2017\/02\/Anfahrt.png\" alt=\"Anfahrt\" width=\"651\" height=\"585\" srcset=\"https:\/\/digimed.phwien.ac.at\/wp-content\/uploads\/2017\/02\/Anfahrt.png 651w, https:\/\/digimed.phwien.ac.at\/wp-content\/uploads\/2017\/02\/Anfahrt-300x270.png 300w, https:\/\/digimed.phwien.ac.at\/wp-content\/uploads\/2017\/02\/Anfahrt-334x300.png 334w\" sizes=\"auto, (max-width: 651px) 100vw, 651px\" \/><\/a><\/p>\n<p>Anfahrtsplan<\/p>\n<p>Die Kosten der F\u00fchrung finde ich sehr teuer. Ich bezahlte 14\u20ac und dann dauerte der gesamte Museumsbesuch nur eine ganze Stunde. Die F\u00fchrung habe ich jedoch schon im Vorhinein gebucht, daher habe ich mir 3,50 \u20ac gespart. Mit einer Sch\u00fclerInnenklasse ab 15 Kindern, muss jedes Kind 9\u20ac bezahlen. Dies ist meiner Meinung nach etwas zu viel, da es sich anf\u00fchlt, als w\u00fcrde man schnell \u201eabgefertigt werden\u201c.<\/p>\n<p><a href=\"http:\/\/podcampus.phwien.ac.at\/digimed\/2017\/02\/10\/time-travel-mediale-reise-durch-die-geschichte-wiens\/preislister\/\" rel=\"attachment wp-att-1541\"><img loading=\"lazy\" decoding=\"async\" class=\"alignleft size-full wp-image-1541\" src=\"http:\/\/podcampus.phwien.ac.at\/digimed\/files\/2017\/02\/Preislister.png\" alt=\"Preisliste\" width=\"658\" height=\"406\" srcset=\"https:\/\/digimed.phwien.ac.at\/wp-content\/uploads\/2017\/02\/Preislister.png 658w, https:\/\/digimed.phwien.ac.at\/wp-content\/uploads\/2017\/02\/Preislister-300x185.png 300w, https:\/\/digimed.phwien.ac.at\/wp-content\/uploads\/2017\/02\/Preislister-486x300.png 486w\" sizes=\"auto, (max-width: 658px) 100vw, 658px\" \/><br \/>\n<\/a><\/p>\n<p>Preisliste<\/p>\n<p>Einige pers\u00f6nliche Eindr\u00fccke zu diesem Besuch habe ich zusammengefasst: Ich habe sehr viele unterschiedliche Medienaufbereitungen wahrgenommen. Beobachten konnte ich, dass dieser Museumsbesuch sowohl junge Kinder als auch Pensionistinnen und Pensionisten angesprochen hat. Jedoch hatte ich das Gef\u00fchl, dass die unterschiedlichen Punkte viel zu schnell abgehandelt werden und wenig Zeit zum \u00dcberlegen, Verinnerlichen oder Nachfragen da war. Das ist gut zu wissen, da sich eine Lehrperson dann anders auf den Museumsbesuch vorbereiten kann. Die Themen sollten daher schon im Vorhinein gut erarbeitet werden, damit die Kinder mit den behandelten Bereich schon ein wenig vertraut sind und daher die vorgetragenen Sachen besser und schneller aufnehmen k\u00f6nnen. Die Kinder werden jedoch fasziniert sein von dem gro\u00dfen und unterschiedlichen Angebot der Institution.<\/p>\n<p><a href=\"http:\/\/podcampus.phwien.ac.at\/digimed\/2017\/02\/10\/time-travel-mediale-reise-durch-die-geschichte-wiens\/portraits\/\" rel=\"attachment wp-att-1542\"><img loading=\"lazy\" decoding=\"async\" class=\"alignleft size-full wp-image-1542\" src=\"http:\/\/podcampus.phwien.ac.at\/digimed\/files\/2017\/02\/Portraits.jpg\" alt=\"Portraits\" width=\"1024\" height=\"768\" srcset=\"https:\/\/digimed.phwien.ac.at\/wp-content\/uploads\/2017\/02\/Portraits.jpg 1024w, https:\/\/digimed.phwien.ac.at\/wp-content\/uploads\/2017\/02\/Portraits-300x225.jpg 300w, https:\/\/digimed.phwien.ac.at\/wp-content\/uploads\/2017\/02\/Portraits-768x576.jpg 768w, https:\/\/digimed.phwien.ac.at\/wp-content\/uploads\/2017\/02\/Portraits-400x300.jpg 400w\" sizes=\"auto, (max-width: 1024px) 100vw, 1024px\" \/><\/a><\/p>\n<p>Sprechende Portraits zur Begr\u00fc\u00dfung<\/p>\n<p>Folgende Medien und Themen k\u00f6nnen im \u201eTime Travel\u201c besichtigt werden:<\/p>\n<ul>\n<li>sprechende Portraits (Sissi, Sigmund Freud, Maria Theresia, M\u00f6nch)<\/li>\n<li>5D-Kino (Reise durch 2000 Jahre Wien)<\/li>\n<li>sprechende Wachsfiguren (K\u00f6nigliche Audienz zwischen Sissi, Kaiser Franz Josef, Maria Theresia und Kaiser Maximilian + Straus, Mozart)<\/li>\n<li>Musikdarbietungen (Wiener Walzer)<\/li>\n<li>Bewegendes (in einem im \u00be Takt bewegendes Karussell, Fiakerfahrt durch Wien)<\/li>\n<li>Nachgebautes (Sterbebett von Kaiser Franz Josef, Punker in dem ein Luftangriff dargestellt wird)<\/li>\n<li>Videomaterial (Begr\u00e4bniszeremonie von Kaiser Franz Josef, Verk\u00fcndigung des Staatsvertrages)<\/li>\n<\/ul>\n<p><a href=\"http:\/\/podcampus.phwien.ac.at\/digimed\/2017\/02\/10\/time-travel-mediale-reise-durch-die-geschichte-wiens\/punker\/\" rel=\"attachment wp-att-1543\"><img loading=\"lazy\" decoding=\"async\" class=\"alignleft size-full wp-image-1543\" src=\"http:\/\/podcampus.phwien.ac.at\/digimed\/files\/2017\/02\/Punker.jpg\" alt=\"Punker\" width=\"1024\" height=\"768\" srcset=\"https:\/\/digimed.phwien.ac.at\/wp-content\/uploads\/2017\/02\/Punker.jpg 1024w, https:\/\/digimed.phwien.ac.at\/wp-content\/uploads\/2017\/02\/Punker-300x225.jpg 300w, https:\/\/digimed.phwien.ac.at\/wp-content\/uploads\/2017\/02\/Punker-768x576.jpg 768w, https:\/\/digimed.phwien.ac.at\/wp-content\/uploads\/2017\/02\/Punker-400x300.jpg 400w\" sizes=\"auto, (max-width: 1024px) 100vw, 1024px\" \/><\/a><\/p>\n<p>Punker<\/p>\n<p>Das breitgef\u00e4cherte Medienangebot ist aus meiner Sicht sehr wohl relevant f\u00fcr die medienp\u00e4dagogische Praxis. Da es bestimmt alle Kinder anspricht und f\u00fcr jeden etwas dabei sein wird. Besonders lustig werden die Kinder bestimmt das 5D-Kino finden, was mir pers\u00f6nlich auch am besten gefallen hat. Durch die Vielfalt der eingesetzten Medien konnte die Geschichte Wiens \u00e4u\u00dferst interessant und kurzweilig dargestellt werden. Empfehlen w\u00fcrde ich dieses Museum doch erst f\u00fcr die 4. Klasse. M\u00f6glich w\u00e4re es als Abschluss des Geschichteunterrichts der vier Jahre. Da es sehr kurz und pr\u00e4gnant die gesamte Geschichte von Wien wiederholt. Ich meine bewusst wiederholt, da ich nicht glaube, dass Kinder dort auf der Inhaltsebene etwas Neues lernen, in Bezug auf die Geschichte. Wenn die Geschichte als sekund\u00e4rer Lerneffekt, der nebenbei herrennt\u00a0 gesehen wird, dann ist es doch zu empfehlen. Denn medienp\u00e4dagogische Themen k\u00f6nnen dort sehr wohl aufgearbeitet werden.<\/p>\n<p><a href=\"http:\/\/podcampus.phwien.ac.at\/digimed\/2017\/02\/10\/time-travel-mediale-reise-durch-die-geschichte-wiens\/fotowand\/\" rel=\"attachment wp-att-1544\"><img loading=\"lazy\" decoding=\"async\" class=\"alignleft size-full wp-image-1544\" src=\"http:\/\/podcampus.phwien.ac.at\/digimed\/files\/2017\/02\/Fotowand.jpg\" alt=\"Fotowand\" width=\"768\" height=\"1024\" srcset=\"https:\/\/digimed.phwien.ac.at\/wp-content\/uploads\/2017\/02\/Fotowand.jpg 768w, https:\/\/digimed.phwien.ac.at\/wp-content\/uploads\/2017\/02\/Fotowand-225x300.jpg 225w\" sizes=\"auto, (max-width: 768px) 100vw, 768px\" \/><\/a><\/p>\n<p>Fotowand<\/p>\n<p>N\u00e4here Infos k\u00f6nnen unter <a href=\"https:\/\/www.timetravel-vienna.at\/\">https:\/\/www.timetravel-vienna.at\/<\/a>\u00a0aufgerufen werden!<\/p>\n<p>&nbsp;<\/p>\n<p>Viel Spa\u00df beim Museumsbesuch! \ud83d\ude42<\/p>\n<p>&nbsp;<\/p>\n","protected":false},"excerpt":{"rendered":"<p>\u201eTime Travel\u201c \u2013 eine kurze Reise durch die Geschichte von Wien von Rafaela Grosschedl Am 22.04.2016 besuchte ich das Museum \u201eTime Travel\u201c in der Habsburgergasse in Wien. Dieses Museum ist deshalb sehr gut erreichbar, da es nur einige Gehminuten vom <span class=\"readmore\"><a href=\"https:\/\/digimed.phwien.ac.at\/?p=1539\">Continue Reading<\/a><\/span><\/p>\n","protected":false},"author":5,"featured_media":0,"comment_status":"open","ping_status":"open","sticky":false,"template":"","format":"standard","meta":{"footnotes":""},"categories":[3,23],"tags":[],"class_list":["post-1539","post","type-post","status-publish","format-standard","hentry","category-exk","category-sonstiges"],"_links":{"self":[{"href":"https:\/\/digimed.phwien.ac.at\/index.php?rest_route=\/wp\/v2\/posts\/1539","targetHints":{"allow":["GET"]}}],"collection":[{"href":"https:\/\/digimed.phwien.ac.at\/index.php?rest_route=\/wp\/v2\/posts"}],"about":[{"href":"https:\/\/digimed.phwien.ac.at\/index.php?rest_route=\/wp\/v2\/types\/post"}],"author":[{"embeddable":true,"href":"https:\/\/digimed.phwien.ac.at\/index.php?rest_route=\/wp\/v2\/users\/5"}],"replies":[{"embeddable":true,"href":"https:\/\/digimed.phwien.ac.at\/index.php?rest_route=%2Fwp%2Fv2%2Fcomments&post=1539"}],"version-history":[{"count":0,"href":"https:\/\/digimed.phwien.ac.at\/index.php?rest_route=\/wp\/v2\/posts\/1539\/revisions"}],"wp:attachment":[{"href":"https:\/\/digimed.phwien.ac.at\/index.php?rest_route=%2Fwp%2Fv2%2Fmedia&parent=1539"}],"wp:term":[{"taxonomy":"category","embeddable":true,"href":"https:\/\/digimed.phwien.ac.at\/index.php?rest_route=%2Fwp%2Fv2%2Fcategories&post=1539"},{"taxonomy":"post_tag","embeddable":true,"href":"https:\/\/digimed.phwien.ac.at\/index.php?rest_route=%2Fwp%2Fv2%2Ftags&post=1539"}],"curies":[{"name":"wp","href":"https:\/\/api.w.org\/{rel}","templated":true}]}}