{"id":1591,"date":"2017-02-28T23:13:28","date_gmt":"2017-02-28T21:13:28","guid":{"rendered":"http:\/\/podcampus.phwien.ac.at\/digimed\/?p=1591"},"modified":"2017-02-28T23:13:28","modified_gmt":"2017-02-28T21:13:28","slug":"exkursion-biennale-di-venezia","status":"publish","type":"post","link":"https:\/\/digimed.phwien.ac.at\/?p=1591","title":{"rendered":"Exkursion: Biennale di Venezia"},"content":{"rendered":"<div>\n<div><em>Name:<\/em> Lena Mareike Tunkl<br \/>\n<em>Exkursionsziel:<\/em> Biennale di Venezia<br \/>\n<em>Datum:<\/em> 20.10.2016<\/div>\n<div>\n<hr \/>\n<p>Die Biennale Venezia ist eine internationale Kunstausstellung, die zweij\u00e4hrlich in Venedig stattfindet. 2016 fand die Architektur-Biennale unter dem Titel \u201eReporting from the front\u201c statt, in der 37 L\u00e4nder vertreten sind.<\/p>\n<p>Die Exkursion zur Architektur-Biennale war f\u00fcr mich pers\u00f6nlich eine tolle Erfahrung. Die Ausstellungen sind sehr informativ, interessant, regen zum Nachdenken an und haben bei mir einen guten Eindruck hinterlassen.<\/p>\n<\/div>\n<div>\n<p>Die Ausstellungen der einzelnen L\u00e4ndern findet man in eigenen Pavillons, die auf einem gro\u00dfen Areal, den G\u00e4rten von Venedig, verteilt sind.<\/p>\n<p>Auf der Architektur-Biennale gibt es viel zu sehen, die Ausstellungen sind sehr vielseitig, reichen von aufwendigen Installationen zu informativen Themenwelten, wodurch man f\u00fcr einen Besuch sicher einen ganzen Tag einplanen kann. Man kann sich frei bewegen, nach eigenem Belieben bestimmte Pavillons besuchen und seinen Aufenthalt frei gestalten. Es bietet sich eine Vielzahl an M\u00f6glichkeiten, diese Exkursion p\u00e4dagogisch wertvoll zu gestalten und den Sch\u00fclerinnen und Sch\u00fclern ein Verst\u00e4ndnis f\u00fcr Kunst und Architektur zu vermitteln. Allerdings w\u00e4re eine Exkursion nat\u00fcrlich sehr kostspielig, und da bei einem Besuch Italienisch oder Englisch Kenntnisse erforderlich sind, m\u00fcsste sehr viel Vorarbeit seitens der Lehrperson geleistet werden, um diese Exkursion sinnvoll gestalten zu k\u00f6nnen.<\/p>\n<p>&nbsp;<\/p>\n<p>&nbsp;<\/p>\n<\/div>\n<\/div>\n","protected":false},"excerpt":{"rendered":"<p>Name: Lena Mareike Tunkl Exkursionsziel: Biennale di Venezia Datum: 20.10.2016 Die Biennale Venezia ist eine internationale Kunstausstellung, die zweij\u00e4hrlich in Venedig stattfindet. 2016 fand die Architektur-Biennale unter dem Titel \u201eReporting from the front\u201c statt, in der 37 L\u00e4nder vertreten sind. <span class=\"readmore\"><a href=\"https:\/\/digimed.phwien.ac.at\/?p=1591\">Continue Reading<\/a><\/span><\/p>\n","protected":false},"author":5,"featured_media":0,"comment_status":"open","ping_status":"open","sticky":false,"template":"","format":"standard","meta":{"footnotes":""},"categories":[3,23],"tags":[68,128,207,240,267],"class_list":["post-1591","post","type-post","status-publish","format-standard","hentry","category-exk","category-sonstiges","tag-architektur","tag-exkursion","tag-kunst","tag-mep16","tag-padagogik"],"_links":{"self":[{"href":"https:\/\/digimed.phwien.ac.at\/index.php?rest_route=\/wp\/v2\/posts\/1591","targetHints":{"allow":["GET"]}}],"collection":[{"href":"https:\/\/digimed.phwien.ac.at\/index.php?rest_route=\/wp\/v2\/posts"}],"about":[{"href":"https:\/\/digimed.phwien.ac.at\/index.php?rest_route=\/wp\/v2\/types\/post"}],"author":[{"embeddable":true,"href":"https:\/\/digimed.phwien.ac.at\/index.php?rest_route=\/wp\/v2\/users\/5"}],"replies":[{"embeddable":true,"href":"https:\/\/digimed.phwien.ac.at\/index.php?rest_route=%2Fwp%2Fv2%2Fcomments&post=1591"}],"version-history":[{"count":0,"href":"https:\/\/digimed.phwien.ac.at\/index.php?rest_route=\/wp\/v2\/posts\/1591\/revisions"}],"wp:attachment":[{"href":"https:\/\/digimed.phwien.ac.at\/index.php?rest_route=%2Fwp%2Fv2%2Fmedia&parent=1591"}],"wp:term":[{"taxonomy":"category","embeddable":true,"href":"https:\/\/digimed.phwien.ac.at\/index.php?rest_route=%2Fwp%2Fv2%2Fcategories&post=1591"},{"taxonomy":"post_tag","embeddable":true,"href":"https:\/\/digimed.phwien.ac.at\/index.php?rest_route=%2Fwp%2Fv2%2Ftags&post=1591"}],"curies":[{"name":"wp","href":"https:\/\/api.w.org\/{rel}","templated":true}]}}