{"id":1599,"date":"2017-03-01T12:37:04","date_gmt":"2017-03-01T10:37:04","guid":{"rendered":"http:\/\/podcampus.phwien.ac.at\/digimed\/?p=1599"},"modified":"2017-03-01T12:37:04","modified_gmt":"2017-03-01T10:37:04","slug":"vivian-teichmann-2-rezension-zum-fachartikel-in-ausgabe-3-der-redaktion-medienimpulse","status":"publish","type":"post","link":"https:\/\/digimed.phwien.ac.at\/?p=1599","title":{"rendered":"Rezension: Die digitale Revolution frisst unsere Kinder?\/ Medienbildung in der Schule"},"content":{"rendered":"<p>Rezension von Vivian Teichmann<\/p>\n<p><strong>Autor:<\/strong><span style=\"font-weight: 300;\"> Hans-J Ulbrich<\/span><\/p>\n<p><strong>Link:<\/strong> http:\/\/www.medienimpulse.at\/articles\/view\/992?navi=1<\/p>\n<p><strong>Datum der Rezension:<\/strong> 19.02.2016<\/p>\n<p><strong>In seinem Artikel pr\u00e4sentiert Hans- J Ulbrich sein neuestes Filmprojekt zum Thema Medienbildung in der Schule.\u00a0 In diesem Dokumentarfilm werden um die 25 Schulen in Deutschland einem Versuch unterzogen, die Ergebnisse, Erkenntnisse dieses 3-j\u00e4hrigen Forschungsprozesses analysiert und reflektiert. <\/strong><\/p>\n<p>Als Beteiligte des Schulversuches gelten alle Sch\u00fclerInnen als auch Lehrkr\u00e4fte der Institution Schule, wie auch Medienp\u00e4dagogInnen, mit denen der Autor \u00fcber Medienbildung geredet hat. Ulbrich versteht Medien nicht als blo\u00dfes Kommunikationsmittel und Bildung nicht als das blo\u00dfe Erlernen f\u00fcr SuS relevanter Lehrinhalte. Er spricht bei Medienbildung zurecht von Herzensbildung, die nicht blo\u00df auf Kenntnisse um und \u00fcber Medien und all ihre Facetten reduziert ist. Jeder Wissenserwerb ist ein Entwicklungsprozess in denen Gef\u00fchle eine ebenso relevante Rolle spielen wie Tatsachen und Erkenntnisse.\u00a0 Er will damit verdeutlichen, dass Medien ein Bestandteil unserer Kultur sind, ob man will oder nicht. Der Begriff der Medienp\u00e4dagogik wird geboren. Es ist die Sensibilisierung f\u00fcr ein Thema, gegen\u00fcber das die \u00e4ltere Generation oft missg\u00fcnstig gegen\u00fcbertritt. Doch wie Hans -J Ulbrich im Film verdeutlichen will, sind Medien letztlich das Produkt dessen, was sich durch die Entwicklung von Kommunikationstechniken als Werkzeug zur Vermittlung von Information mit seinem Emotionsgehalt als wesentliches Ausdrucksmittel\u00a0 herausgebildet hat.<\/p>\n<p>Im Zuge des Filmes werden alle Beteiligten mit der Frage konfrontiert ob die Schule \u00fcberhaupt der digitalen Revolution gerecht werden kann?<\/p>\n<p>Diese Fragestellung basiert auf einer von Ulbrich aufgestellten und durchdachten These, die den Kern des Filmes bilden.\u00a0 Die These lautet wie folgt:<\/p>\n<p><strong>Die Schule ist obsolet, weil sie nicht mehr das Monopol des Lernortes innehat.<\/strong><\/p>\n<p><strong>Anhand von Medienp\u00e4dagogInnen, SuS, Lehrk\u00e4ften und anderen Mitgliedern der Institution Schule soll im Verlauf des Filmes diese These belegt bzw. widerlegt werden.<\/strong><\/p>\n<p>Demgegen\u00fcber steht im zweiten Teil des Filmes die Antithese, die widerlegt, dass die digitale Revolution unsere Kinder \u201efressen\u201c w\u00fcrde. Dies zeigt Ulbrich durch zahlreiche Projekte und Konzepte zur Medienbildung, die an den Schulen durch forschendes Lernen erprobt und durchgef\u00fchrt wurden.<\/p>\n<p>Zu Ende des Films h\u00e4lt der Autor jedoch fest, dass diese Projekte zur Umsetzung lediglich \u201eeinsame Leuchtt\u00fcrme\u201c in der Schule darstellen. Es bedarf weit mehr Engagement und Wertsch\u00e4tzung f\u00fcr Medienbildung an der Schule. Somit wird der Film mit einer Synthese abgeschlossen, die umfassende Medienbildung nicht ausschlie\u00dft, sondern L\u00f6sungsvorschl\u00e4ge und Umsetzungsm\u00f6glichkeiten zur Realisierung dieser Schl\u00fcsselkompetenz anbietet.<\/p>\n<p><strong>Pers\u00f6nliche Meinung<\/strong><\/p>\n<p>Hans-J Ulbrich hat mit diesem Artikel- meiner Meinung nach- ins Schwarze getroffen. Wie, wenn nicht direkt in der Schule, am Lernort der Kinder, k\u00f6nnen in Bezug auf Medienbildung neue relevante Forschungsergebnisse durch Gespr\u00e4che mit Personen verschiedenen Alters und Kenntnissen \u00fcber Medien erschlossen werden? Mit diesem Film schafft er einen neuen und authentischen Einblick, wie es denn wirklich an den Schulen aussieht und was durch Medienprojekte und -konzepte erreicht werden kann. Er l\u00e4sst allt\u00e4gliche Bilder und die Handlungen und Aussagen der Befragten im Film f\u00fcr sich sprechen. Das Lesen des Artikels hat mir den Film schmackhaft gemacht und ich bin bereits gespannt auf die Ergebnisse. F\u00fcr mich als angehende Lehrerin kann ich nur nochmals betonen, wie wichtig Medienbildung auch f\u00fcr mich ist. Die Umsetzung wie auch Erfahrungen an den Schulen in einem Film mit direkter Auseinandersetzung mit den Betroffenen sehen zu k\u00f6nnen, erscheint mir sehr lehrreich und ein sinnvoller Zugang zur Medienbildung zu sein.<\/p>\n","protected":false},"excerpt":{"rendered":"<p>Rezension von Vivian Teichmann Autor: Hans-J Ulbrich Link: http:\/\/www.medienimpulse.at\/articles\/view\/992?navi=1 Datum der Rezension: 19.02.2016 In seinem Artikel pr\u00e4sentiert Hans- J Ulbrich sein neuestes Filmprojekt zum Thema Medienbildung in der Schule.\u00a0 In diesem Dokumentarfilm werden um die 25 Schulen in Deutschland einem <span class=\"readmore\"><a href=\"https:\/\/digimed.phwien.ac.at\/?p=1599\">Continue Reading<\/a><\/span><\/p>\n","protected":false},"author":5,"featured_media":0,"comment_status":"open","ping_status":"open","sticky":false,"template":"","format":"standard","meta":{"footnotes":""},"categories":[10,20],"tags":[234,240,242,287],"class_list":["post-1599","post","type-post","status-publish","format-standard","hentry","category-medienkompetenz","category-rezensionen","tag-medienimpulse","tag-mep16","tag-mepws16","tag-rezension"],"_links":{"self":[{"href":"https:\/\/digimed.phwien.ac.at\/index.php?rest_route=\/wp\/v2\/posts\/1599","targetHints":{"allow":["GET"]}}],"collection":[{"href":"https:\/\/digimed.phwien.ac.at\/index.php?rest_route=\/wp\/v2\/posts"}],"about":[{"href":"https:\/\/digimed.phwien.ac.at\/index.php?rest_route=\/wp\/v2\/types\/post"}],"author":[{"embeddable":true,"href":"https:\/\/digimed.phwien.ac.at\/index.php?rest_route=\/wp\/v2\/users\/5"}],"replies":[{"embeddable":true,"href":"https:\/\/digimed.phwien.ac.at\/index.php?rest_route=%2Fwp%2Fv2%2Fcomments&post=1599"}],"version-history":[{"count":0,"href":"https:\/\/digimed.phwien.ac.at\/index.php?rest_route=\/wp\/v2\/posts\/1599\/revisions"}],"wp:attachment":[{"href":"https:\/\/digimed.phwien.ac.at\/index.php?rest_route=%2Fwp%2Fv2%2Fmedia&parent=1599"}],"wp:term":[{"taxonomy":"category","embeddable":true,"href":"https:\/\/digimed.phwien.ac.at\/index.php?rest_route=%2Fwp%2Fv2%2Fcategories&post=1599"},{"taxonomy":"post_tag","embeddable":true,"href":"https:\/\/digimed.phwien.ac.at\/index.php?rest_route=%2Fwp%2Fv2%2Ftags&post=1599"}],"curies":[{"name":"wp","href":"https:\/\/api.w.org\/{rel}","templated":true}]}}