{"id":1676,"date":"2017-06-26T09:43:23","date_gmt":"2017-06-26T07:43:23","guid":{"rendered":"http:\/\/podcampus.phwien.ac.at\/digimed\/?p=1676"},"modified":"2017-06-26T09:43:23","modified_gmt":"2017-06-26T07:43:23","slug":"griass-eich-projektdokumentation-wiener-dialekt","status":"publish","type":"post","link":"https:\/\/digimed.phwien.ac.at\/?p=1676","title":{"rendered":"Gria\u00df eich! Projektdokumentation Wiener Dialekt"},"content":{"rendered":"<p><strong>Gruppe 3<\/strong><\/p>\n<p>28.3.2017<\/p>\n<p>Innerhalb unseres ersten Seminartreffens wurde festgelegt, welche Personen innerhalb einer Gruppe sind. Anschlie\u00dfend sa\u00dfen wir schon in der ausgew\u00e4hlten Gruppe zusammen und besprachen welches Thema wir gerne in einem Projekt realisieren w\u00fcrden. Wir hatten zu Beginn sehr unterschiedliche Ideen und konnten uns nicht gleich einigen, was am besten geeignet w\u00e4re. Zuallererst wollten wir ein Video \u00fcber den Wiener Prater machen. Allerdings stellte sich heraus, dass es schon einige Dokumentationen dar\u00fcber gab und es au\u00dferdem schwer zu realisieren gewesen w\u00e4re, ein qualitativ hochwertiges Produkt zu erstellen.<\/p>\n<p>Somit entschieden wir uns daf\u00fcr einen Radiobeitrag zu erstellen, da ein Gruppenmitglied sowohl das notwenige Material als auch das notwendige Knowhow daf\u00fcr besa\u00df.<\/p>\n<p>Leider dauerte es noch seine Zeit bis wir uns auf das endg\u00fcltige Thema einigen konnten. Klar war allerdings, dass das Thema etwas mit unserer Landeshauptstadt Wien zu tun haben werde. Mit dem Thema &#8222;Wiener Dialekt&#8220; waren schlussendlich alle Gruppenmitglieder zufrieden.<\/p>\n<p>4.4.2017<\/p>\n<p>Unsere Gruppe traf sich an diesem Tag au\u00dferhalb des Seminarraumes in einem Kaffeehaus. Dort besprachen wir unser Projektziel die Projektbeschreibung und den Projektplan.<\/p>\n<p>Nach dem Treffen arbeiten wir zu Hause noch individuell an folgenden Inhalten: Sachressourcen, Zeitressourcen, Personalressourcen und Exkursionsbeschreibung.<\/p>\n<p>23.5. 2017<\/p>\n<p>An diesem Termin trafen wir uns wieder an der PH Wien, um auszuw\u00e4hlen welche Dialektbegriffe wir f\u00fcr unser Interview verwenden w\u00fcrden. Nach einer genauen Internetrecherche einigten wir uns auf f\u00fcnf Dialektbegriffe. Wir achteten dabei darauf, dass diese sehr unterschiedlich waren und eine Variet\u00e4t bez\u00fcglich des Bekanntheitsgrades vorhanden war. Zus\u00e4tzlich dazu schrieben wir einen Ablauf f\u00fcr das Interview. Wir mussten uns genau \u00fcberlegen, wie die Fragen gestellt werden und wie viele Teilnehmerinnen und Teilnehmer wir mindestens br\u00e4uchten.<\/p>\n<p>Am selben Tag begannen wir schlie\u00dflich ein Interview zum Thema &#8222;Wiener Dialekt&#8220; durchzuf\u00fchren. Es stellte sich heraus, dass wir viele freiwillige Teilnehmerinnen und Teilnehmer gefunden hatten. Au\u00dferdem dauerte es nicht l\u00e4nger als 5 Minuten das Interview zu f\u00fchren. Unsere letzten zwei Interviews wurden so gef\u00fchrt, dass immer zwei Personen gleichzeitig befragt worden sind und beide ihre Gedanken zu einem Begriff abwechselnd \u00e4u\u00dfern konnten.<\/p>\n<p>30.5. 2017<\/p>\n<p>An diesem Tag wurden die Zwischenpr\u00e4sentationen durchgef\u00fchrt. Die Gruppen erz\u00e4hlten kurz, was sie bisher durchgef\u00fchrt hatten. Anschlie\u00dfend schrieb unsere Gruppe eine Einleitung f\u00fcr unseren Radiobeitrag. Als dieser geschrieben war, nahmen wir die Einleitung noch auf und \u00fcberlegten uns schlie\u00dflich wie wir die Aufnahme in etwa schneiden wollen. Hier waren wir alle der Meinung, dass nicht jedes Interview hinter einander abgespielt werden soll, sondern dass man zu einem Begriff immer wieder unterschiedliche Antworten h\u00f6rt.<\/p>\n<p>4.6. 2017<\/p>\n<p>An diesem Tag fand unsere Exkursion ins Wien-Museum statt, weshalb wir uns am Karlsplatz trafen. \u00a0Besonders interessiert waren wir an der Ausstellung \u201eWien von oben\u201c, da es hier um die Geschichte der Stadt ging. Viele Pl\u00e4ne, Zeichnungen und Gem\u00e4lde aus dem fr\u00fchen Wien waren ausgestellt. Leider stellte sich schnell heraus, dass diese Exkursion nicht wirklich im Zusammenhang mit den Wiener Dialekt stand und uns bei unserem Fazit oder unserer Arbeit in keinster Weise weiterhelfen konnte.<\/p>\n<p>19.6.2017<\/p>\n<p>Anita und Eva trafen sich am fr\u00fchen Nachmittag zum Schneiden des Endprodukts. Zuerst wurden alle Files auf den Computer gespeichert und dort dupliziert in einen Arbeitsordner damit nichts verloren gehen konnte.<\/p>\n<p>Eine Liste mit den Namen der Interviewten und den einzelnen Fragen wurde angefertigt, um das Interview abwechslungsreich zu gestalten und um keine interviewte Person zu vergessen.<\/p>\n<p>Das gro\u00dfe Schneiden funktioniert eigentlich sehr gut und ging auch recht schnell. Da wir zu einem anderen Seminar mussten, konnten wir die MP3 Datei nicht fertigstellen.<\/p>\n<p>20.6.2017<\/p>\n<p>Eva war mit dem Endprodukt noch nicht zufrieden und schnitt St\u00f6rger\u00e4usche oder \u00c4hnliches so gut es ging aus der Aufnahme. Das Abspeichern als MP3-Datei erwies sich als ein gro\u00dfes Problem, da die ersten f\u00fcnf Downloads der lame-dll-files aus dem Jahr 2003 waren und somit nicht mit dem neuesten Audacity kompatibel. Erst mit dem Download der Website audacityteam.org konnte das Endprodukt als MP3-Datei abgespeichert werden.<\/p>\n<p>Die Pr\u00e4sentation des Beitrags ging sehr schnell \u00fcber die B\u00fchne. \u00dcber das durchwegs positive Feedback haben wir uns sehr gefreut. Wir erkl\u00e4rten auch, dass wir, wenn es die Zeit erlaubt, noch ein Fazit \u00fcber die Interviews aufnehmen m\u00f6chten, um den Beitrag etwas abzurunden.<\/p>\n<p>23.6.2017<\/p>\n<p>Um die Aufgaben gut und gerecht zu verteilen, erkl\u00e4rte sich Denise bereit ein Ger\u00fcst f\u00fcr das Schreiben des Exkursionsberichtes anzufertigen. Dieses wurde g\u00e4nzlich oder teilweise von den anderen Gruppenmitgliedern \u00fcbernommen.<\/p>\n<p>25.6. 2017<\/p>\n<p>Da uns die Abgabe dieser Projektdokumentation noch fehlte, wurde diese Aufgabe auf Denise und Eva aufgeteilt und fertiggestellt.<\/p>\n<p>&nbsp;<\/p>\n<p><strong>Endprodukt &#8211; Wiener Dialekte<\/strong><\/p>\n<p>Viel Spa\u00df beim Reinh\u00f6rn!<\/p>\n<audio class=\"wp-audio-shortcode\" id=\"audio-1676-1\" preload=\"none\" style=\"width: 100%;\" controls=\"controls\"><source type=\"audio\/mpeg\" src=\"http:\/\/podcampus.phwien.ac.at\/digimed\/files\/2017\/06\/Wiener-Dialekte-Endprodukt.mp3?_=1\" \/><a href=\"http:\/\/podcampus.phwien.ac.at\/digimed\/files\/2017\/06\/Wiener-Dialekte-Endprodukt.mp3\">http:\/\/podcampus.phwien.ac.at\/digimed\/files\/2017\/06\/Wiener-Dialekte-Endprodukt.mp3<\/a><\/audio>\n<p>&nbsp;<\/p>\n","protected":false},"excerpt":{"rendered":"<p>Gruppe 3 28.3.2017 Innerhalb unseres ersten Seminartreffens wurde festgelegt, welche Personen innerhalb einer Gruppe sind. Anschlie\u00dfend sa\u00dfen wir schon in der ausgew\u00e4hlten Gruppe zusammen und besprachen welches Thema wir gerne in einem Projekt realisieren w\u00fcrden. Wir hatten zu Beginn sehr <span class=\"readmore\"><a href=\"https:\/\/digimed.phwien.ac.at\/?p=1676\">Continue Reading<\/a><\/span><\/p>\n","protected":false},"author":5,"featured_media":0,"comment_status":"closed","ping_status":"open","sticky":false,"template":"","format":"standard","meta":{"footnotes":""},"categories":[17,19,24],"tags":[281,283],"class_list":["post-1676","post","type-post","status-publish","format-standard","hentry","category-projekte","category-projekte-17","category-tagebuch","tag-proj17","tag-projektdokumentation"],"_links":{"self":[{"href":"https:\/\/digimed.phwien.ac.at\/index.php?rest_route=\/wp\/v2\/posts\/1676","targetHints":{"allow":["GET"]}}],"collection":[{"href":"https:\/\/digimed.phwien.ac.at\/index.php?rest_route=\/wp\/v2\/posts"}],"about":[{"href":"https:\/\/digimed.phwien.ac.at\/index.php?rest_route=\/wp\/v2\/types\/post"}],"author":[{"embeddable":true,"href":"https:\/\/digimed.phwien.ac.at\/index.php?rest_route=\/wp\/v2\/users\/5"}],"replies":[{"embeddable":true,"href":"https:\/\/digimed.phwien.ac.at\/index.php?rest_route=%2Fwp%2Fv2%2Fcomments&post=1676"}],"version-history":[{"count":0,"href":"https:\/\/digimed.phwien.ac.at\/index.php?rest_route=\/wp\/v2\/posts\/1676\/revisions"}],"wp:attachment":[{"href":"https:\/\/digimed.phwien.ac.at\/index.php?rest_route=%2Fwp%2Fv2%2Fmedia&parent=1676"}],"wp:term":[{"taxonomy":"category","embeddable":true,"href":"https:\/\/digimed.phwien.ac.at\/index.php?rest_route=%2Fwp%2Fv2%2Fcategories&post=1676"},{"taxonomy":"post_tag","embeddable":true,"href":"https:\/\/digimed.phwien.ac.at\/index.php?rest_route=%2Fwp%2Fv2%2Ftags&post=1676"}],"curies":[{"name":"wp","href":"https:\/\/api.w.org\/{rel}","templated":true}]}}