{"id":1808,"date":"2017-11-12T09:47:06","date_gmt":"2017-11-12T07:47:06","guid":{"rendered":"http:\/\/podcampus.phwien.ac.at\/digimed\/?p=1808"},"modified":"2017-11-12T09:47:06","modified_gmt":"2017-11-12T07:47:06","slug":"c-zlomek-gefangen-im-wandel-der-zeit-letzten-endes-ist-sich-jeder-selbst-ueberlassen","status":"publish","type":"post","link":"https:\/\/digimed.phwien.ac.at\/?p=1808","title":{"rendered":"C.Zlomek: Gefangen im Wandel der Zeit &#8211; Letzten Endes ist sich jeder selbst \u00fcberlassen"},"content":{"rendered":"<p>Tatsache ist, dass der Staat nicht die gesamte Verantwortung \u00fcbernehmen kann noch will. Nat\u00fcrlich wird er versuchen seine B\u00fcrgerInnen immer so gut wie m\u00f6glich zu sch\u00fctzen, aber es gilt wie beim Autofahren \u201ewenn jemand betrunken Auto f\u00e4hrt ist er\/sie selbst f\u00fcr sich verantwortlich\u201c.<\/p>\n<p>Im Falle des Cyberspaces hei\u00dft das so viel wie, dass der Staat darauf hinweisen kann, Updates zu installieren etc., ob man dies schlussendlich tut entscheidet jeder selbst. Die Auswirkungen wird man am Ende mehr oder weniger\u00a0selbst zu tragen haben.<\/p>\n<p>Die Politik wird den Herstellern der betreffenden Produkte Vorgaben machen, tr\u00e4um gar davon, dass die Hersteller in Zukunft f\u00fcr alles haften sollen.<\/p>\n<p>Dennoch scheint man wie es aussieht zu vergessen: \u201eOb wir ins Auto steigen oder nicht bleibt letzten Endes uns selbst \u00fcberlassen, bei der derzeitigen Vernetzung welche u.a. mit der derzeitigen Energiewende einhergeht wird uns die Entscheidung abgenommen\u201c.<\/p>\n<p>Und letzten Endes gilt: Dass es in der digitalen Welt nie eine 100% Sicherheit geben wird. Ziel kann es somit nur sein, den Aufwand der Hacker so gro\u00df wie m\u00f6glich zu halten. Denn wie auch sonst, ist auch in dieser Branche \u201eZeit gleich Geld\u201c.<\/p>\n<p>Kolvenbach, Marcel (o.J.), Internet der Dinge. Wir hacken Deutschland Reportage Dokumentation. Abgerufener unter: <a href=\"https:\/\/www.youtube.com\/watch?v=ZiT3ZfIw6tQ\">https:\/\/www.youtube.com\/watch?v=ZiT3ZfIw6tQ<\/a> (12.11.2017)<\/p>\n","protected":false},"excerpt":{"rendered":"<p>Tatsache ist, dass der Staat nicht die gesamte Verantwortung \u00fcbernehmen kann noch will. Nat\u00fcrlich wird er versuchen seine B\u00fcrgerInnen immer so gut wie m\u00f6glich zu sch\u00fctzen, aber es gilt wie beim Autofahren \u201ewenn jemand betrunken Auto f\u00e4hrt ist er\/sie selbst <span class=\"readmore\"><a href=\"https:\/\/digimed.phwien.ac.at\/?p=1808\">Continue Reading<\/a><\/span><\/p>\n","protected":false},"author":5,"featured_media":0,"comment_status":"closed","ping_status":"open","sticky":false,"template":"","format":"standard","meta":{"footnotes":""},"categories":[30,27],"tags":[384,406],"class_list":["post-1808","post","type-post","status-publish","format-standard","hentry","category-datenschutz","category-wissens-und-informationsgesellschaft","tag-wi-ws17","tag-zlomek"],"_links":{"self":[{"href":"https:\/\/digimed.phwien.ac.at\/index.php?rest_route=\/wp\/v2\/posts\/1808","targetHints":{"allow":["GET"]}}],"collection":[{"href":"https:\/\/digimed.phwien.ac.at\/index.php?rest_route=\/wp\/v2\/posts"}],"about":[{"href":"https:\/\/digimed.phwien.ac.at\/index.php?rest_route=\/wp\/v2\/types\/post"}],"author":[{"embeddable":true,"href":"https:\/\/digimed.phwien.ac.at\/index.php?rest_route=\/wp\/v2\/users\/5"}],"replies":[{"embeddable":true,"href":"https:\/\/digimed.phwien.ac.at\/index.php?rest_route=%2Fwp%2Fv2%2Fcomments&post=1808"}],"version-history":[{"count":0,"href":"https:\/\/digimed.phwien.ac.at\/index.php?rest_route=\/wp\/v2\/posts\/1808\/revisions"}],"wp:attachment":[{"href":"https:\/\/digimed.phwien.ac.at\/index.php?rest_route=%2Fwp%2Fv2%2Fmedia&parent=1808"}],"wp:term":[{"taxonomy":"category","embeddable":true,"href":"https:\/\/digimed.phwien.ac.at\/index.php?rest_route=%2Fwp%2Fv2%2Fcategories&post=1808"},{"taxonomy":"post_tag","embeddable":true,"href":"https:\/\/digimed.phwien.ac.at\/index.php?rest_route=%2Fwp%2Fv2%2Ftags&post=1808"}],"curies":[{"name":"wp","href":"https:\/\/api.w.org\/{rel}","templated":true}]}}