{"id":1911,"date":"2017-11-30T11:25:01","date_gmt":"2017-11-30T09:25:01","guid":{"rendered":"http:\/\/podcampus.phwien.ac.at\/digimed\/?p=1911"},"modified":"2017-11-30T11:25:01","modified_gmt":"2017-11-30T09:25:01","slug":"ueberwachung-oder-sinnvolle-datenweitergabe","status":"publish","type":"post","link":"https:\/\/digimed.phwien.ac.at\/?p=1911","title":{"rendered":"Datenschutz im Bildungssystem"},"content":{"rendered":"<p><strong>Datenschutz und Bildungssystem &#8211; \u00dcberwachung oder sinnvolle Datenweitergabe?<\/strong><br \/>\nzu \u201eMedienp\u00e4dagogInnen warnen vor \u00dcberwachung im Bildungssystem\u201c<\/p>\n<p>Laut Swertz ist die Bundesregierung der Meinung, dass Kinder und Jugendliche unsere Freiheit gef\u00e4hrden, weshalb die \u201e\u00dcberwachungspl\u00e4ne der Bildungsreform\u201c eingef\u00fchrt wurden. Die <a href=\"https:\/\/www.bmb.gv.at\/ministerium\/vp\/2015\/20151117.pdf?55kaz6\">\u201everpflichtende Potentialanalyse\u201c<\/a> (Elementarp\u00e4dagogikpaket \u2013 Punkt 1) sowie der <a href=\"https:\/\/www.bmb.gv.at\/ministerium\/vp\/2015\/20151117.pdf?55kaz6\">\u201ebundesweit einheitliche Bildungskompass\u201c<\/a> (Elementarp\u00e4dagogikpaket \u2013 Punkt 4) gelten demnach als weitreichende staatliche Kontrolle und \u00dcberwachung.<\/p>\n<p>Zu dem Bildungskompass wird angemerkt, dass im Bericht nur von \u201eDokumentation, Evaluation und Weiterverfolgung\u201c (Swertz 2015) gesprochen wird. Dabei wird das Portfolio als tolles Konzept hingestellt, ohne zu bedenken, dass dieses durch die genaue Dokumentation als \u00dcberwachungsmittel verwendet werden kann.<br \/>\nSwertz ist der Ansicht, dass wir damit auf dem besten Weg sind, dass den Kindern erkl\u00e4rt werden muss, wie sie ihre Privatsph\u00e4re in Kinderg\u00e4rten und Schulen sch\u00fctzen k\u00f6nnen.<br \/>\nMit dem sogenannten Entwicklungsscreening beginnend, sollen Daten langfristig, genauer gesagt, \u00fcber die gesamte Schullaufbahn des Kindes gespeichert werden. Jedoch stellt dies ein Problem dar, da sich die Kinder keine Fehler erlauben k\u00f6nnen &#8211; sie werden damit abgestempelt und dieser begleitet sie \u00fcber viele Jahre.<br \/>\nUnter dem Stichwort \u201eWeiterverfolgung\u201c von Kindern und Jugendlichen, werden diese von der Reformkommission von vorherein als verd\u00e4chtig dargestellt (vgl. Swertz 2015).<br \/>\nAnstelle der \u00dcberwachung soll mithilfe der Vermittlung von Medienkompetenz, so Swertz, den Kindern ein reflektierter Umgang mit Medien, vor allem auch mit dem Internet, beigebracht werden, welcher ins Zentrum r\u00fccken soll. Kinder sollen ihre Pers\u00f6nlichkeit entwickeln und sich selbst bestimmen k\u00f6nnen. Die Aufgabe des Bildungssystems sollte es sein, dazu einen Beitrag zu leisten. (vgl. Swertz 2015)<\/p>\n<p>Mir stellen sich in dem Zusammenhang folgende Fragen: Sollte die Professionalit\u00e4t von P\u00e4dagogInnen nicht so weit entwickelt sein, dass die Daten sinnvoll genutzt werden k\u00f6nnen? Geht unsere Gesellschaft so weit, dass die Kinder sich in der Schule um Datenschutz k\u00fcmmern m\u00fcssen?<\/p>\n<p>Verfasst von: Simone Forstenlehner<\/p>\n<p>Quelle:<br \/>\nvgl. Swertz, C.: Medienp\u00e4dagogInnen warnen vor \u00dcberwachung im Bildungssystem. In: URL: http:\/\/www.medienimpulse.at\/articles\/view\/861?navi=1 (dl 29.11.17; 13:44).<br \/>\nvgl. Bildungsreformkomission: Vortrag an den Ministerrat. Eckpunkte der Bildungsreform. In: URL: https:\/\/www.bmb.gv.at\/ministerium\/vp\/2015\/20151117.pdf?55kaz6 (dl 29.11.17; 13:46).<\/p>\n<p>Weitere Beitr\u00e4ge zum Thema Datenschutz:<br \/>\n<a href=\"http:\/\/podcampus.phwien.ac.at\/digimed\/2017\/11\/30\/datenschutz-und-ueberwachung\/\">Datenschutz und \u00dcberwachung<\/a><br \/>\n<a href=\"http:\/\/podcampus.phwien.ac.at\/digimed\/2017\/11\/30\/zwang-und-verfuehrung-in-der-kontrollgesellschaft\/\">Zwang und Verf\u00fchrung in der Kontrollgesellschaft<\/a><br \/>\n<a href=\"http:\/\/podcampus.phwien.ac.at\/digimed\/2017\/11\/30\/datenschutz-im-21-jahrhundert\/\">Datenschutz im 21. Jahrhundert<\/a><br \/>\n<a href=\"http:\/\/podcampus.phwien.ac.at\/digimed\/2017\/11\/30\/smartphones-unser-begleiter-und-ueberwacher\/\">Smartphones &#8211; unser Begleiter und \u00dcberwacher<\/a><br \/>\n<a href=\"http:\/\/podcampus.phwien.ac.at\/digimed\/2017\/11\/30\/datenschutz-was-ist-das\/\">Datenschutz &#8211; Was ist darunter zu verstehen?<\/a><\/p>\n","protected":false},"excerpt":{"rendered":"<p>Datenschutz und Bildungssystem &#8211; \u00dcberwachung oder sinnvolle Datenweitergabe? zu \u201eMedienp\u00e4dagogInnen warnen vor \u00dcberwachung im Bildungssystem\u201c Laut Swertz ist die Bundesregierung der Meinung, dass Kinder und Jugendliche unsere Freiheit gef\u00e4hrden, weshalb die \u201e\u00dcberwachungspl\u00e4ne der Bildungsreform\u201c eingef\u00fchrt wurden. Die \u201everpflichtende Potentialanalyse\u201c (Elementarp\u00e4dagogikpaket <span class=\"readmore\"><a href=\"https:\/\/digimed.phwien.ac.at\/?p=1911\">Continue Reading<\/a><\/span><\/p>\n","protected":false},"author":5,"featured_media":0,"comment_status":"open","ping_status":"open","sticky":false,"template":"","format":"standard","meta":{"footnotes":""},"categories":[30,37,27],"tags":[84,85,104,384],"class_list":["post-1911","post","type-post","status-publish","format-standard","hentry","category-datenschutz","category-schule4-0","category-wissens-und-informationsgesellschaft","tag-bildungskompass","tag-bildungssystem","tag-datenschutz","tag-wi-ws17"],"_links":{"self":[{"href":"https:\/\/digimed.phwien.ac.at\/index.php?rest_route=\/wp\/v2\/posts\/1911","targetHints":{"allow":["GET"]}}],"collection":[{"href":"https:\/\/digimed.phwien.ac.at\/index.php?rest_route=\/wp\/v2\/posts"}],"about":[{"href":"https:\/\/digimed.phwien.ac.at\/index.php?rest_route=\/wp\/v2\/types\/post"}],"author":[{"embeddable":true,"href":"https:\/\/digimed.phwien.ac.at\/index.php?rest_route=\/wp\/v2\/users\/5"}],"replies":[{"embeddable":true,"href":"https:\/\/digimed.phwien.ac.at\/index.php?rest_route=%2Fwp%2Fv2%2Fcomments&post=1911"}],"version-history":[{"count":0,"href":"https:\/\/digimed.phwien.ac.at\/index.php?rest_route=\/wp\/v2\/posts\/1911\/revisions"}],"wp:attachment":[{"href":"https:\/\/digimed.phwien.ac.at\/index.php?rest_route=%2Fwp%2Fv2%2Fmedia&parent=1911"}],"wp:term":[{"taxonomy":"category","embeddable":true,"href":"https:\/\/digimed.phwien.ac.at\/index.php?rest_route=%2Fwp%2Fv2%2Fcategories&post=1911"},{"taxonomy":"post_tag","embeddable":true,"href":"https:\/\/digimed.phwien.ac.at\/index.php?rest_route=%2Fwp%2Fv2%2Ftags&post=1911"}],"curies":[{"name":"wp","href":"https:\/\/api.w.org\/{rel}","templated":true}]}}