{"id":2159,"date":"2018-05-03T16:23:41","date_gmt":"2018-05-03T14:23:41","guid":{"rendered":"http:\/\/podcampus.phwien.ac.at\/digimed\/?p=2159"},"modified":"2018-05-03T16:23:41","modified_gmt":"2018-05-03T14:23:41","slug":"datenschutz-grundverordnung-wos-is-des","status":"publish","type":"post","link":"https:\/\/digimed.phwien.ac.at\/?p=2159","title":{"rendered":"Datenschutz Grundverordnung &#8211; Wos is des???"},"content":{"rendered":"<p><strong><span style=\"color: #800080\">Was ist das?<\/span><br \/>\n<\/strong>Am 14.04.2016 wurden bereits vom Parlament mit der Datenschutz-Grundverordnung die Regeln f\u00fcr die Verarbeitung von personenbezogenen Daten, die Rechte der Betroffenen und die Pflichten der Verantwortlichen EU-weltweit vereinheitlicht.<br \/>\nObwohl seit der Verordnung 2 Jahre vergangen sind und die Bestimmungen der DSGVO ab 25.05.2018 gelten, sind seit letztem Monat viele Menschen, insbesondere Wirtschaftsteilnehmer, in Panik und ahnungslos welche Auswirkungen diese in Zukunft wohl mit sich bringen. Das einzige was sicher ist, ist die hohe Geldstrafe, die droht, falls die Datenanwendung nicht an die neue Rechtslage angepasst wird (Strafe kann bis zu 20 Mio. \u20ac oder 4% des weltweiten Konzernumsatzes sein).<\/p>\n<p><strong><span style=\"color: #800080\">Wer ist betroffen?<\/span><br \/>\n<\/strong>Die DSGVO trifft insbesondere alle Wirtschaftsteilnehmer, sprich Personen, Unternehmen, Beh\u00f6rden, Vereine, etc., wobei die privaten und famili\u00e4ren T\u00e4tigkeiten eine Ausnahme darstellen.<br \/>\nBesonders die kleineren und mittleren Unternehmen ohne hauseigenen Juristen werden vor gro\u00dfe Herausforderungen gestellt, da es sich um ein breites Bet\u00e4tigungsfeld handelt: die IT ist betroffen, gleichzeitig auch die interne Fortbildung der Mitarbeiter, sowie juristische Rahmenbedingungen, in welchen personenbezogene Daten von Kunden verarbeitet werden.<\/p>\n<p><strong><span style=\"color: #800080\">Ziele?<\/span><br \/>\n<\/strong>Das Ziel der Verordnung ist es, ein harmonisiertes Regelwerk f\u00fcr die Verarbeitung von personenbezogenen Daten durchzusetzen, vor allem weil in den letzten Jahren die Cyberkriminalit\u00e4t sehr stark gestiegen ist und \u00fcber 70% aller Datenschutzvorf\u00e4lle durch menschliches Versagen entstehen.<\/p>\n<p><span style=\"color: #800080\"><strong>Begriffserkl\u00e4rung<\/strong><\/span><\/p>\n<p><u>Personenbezogene Daten:<\/u>\u00a0 Alle Informationen, die direkt oder indirekt einer nat\u00fcrlichen Person zugeordnet werden k\u00f6nnen (Name, Adresse, Geburtsdatum, Bankdaten, Marketing, Buchhaltung, Kundendaten,\u2026).<\/p>\n<p><u>Sensible Daten:<\/u>\u00a0 Alle personenbezogenen Informationen, die als besondere Datenkategorie (gesundheitlich, sexuell, religi\u00f6s, Fingerabdruck, Irisscan, Krankengeschichte, \u2026) oder strafrechtlich relevante Informationen bezeichnet werden.<\/p>\n<p><u>Betroffene: <\/u>Diejenigen, deren personenbezogene Daten verarbeitet werden \u2013 sprich alle nat\u00fcrlichen Personen.<\/p>\n<p><u>Verantwortliche:<\/u> Diejenigen, die \u00fcber die Zwecke und Mittel der Verarbeitung entscheiden.<\/p>\n<p><span style=\"color: #800080\"><strong>Welche Rechte haben die Betroffenen?<\/strong><\/span><\/p>\n<ul>\n<li>Informationspflicht: Betroffene m\u00fcssen \u00fcber die Details der Datenverarbeitung und ihre Rechte informiert werden (wer, was, wann, wie, wo, wieso)<\/li>\n<li>Auskunftsrecht: welche Daten werden gespeichert und verarbeitet? Eine Auskunft muss innerhalb eines Monats erfolgen!<\/li>\n<li>Recht auf Berichtigung: um falsche Auswertungen zu vermeiden<\/li>\n<li>Recht auf L\u00f6schung<\/li>\n<li>Recht auf Einschr\u00e4nkung der Verarbeitung<\/li>\n<li>Recht auf Daten\u00fcbertragung: Daten auf Verlangen an andere Dienstleister und Serviceanbieter weitergeben.<\/li>\n<li>Widerspruchsrecht: Die Verarbeitung der Daten kann untersagt werden.<\/li>\n<\/ul>\n<p><span style=\"color: #800080\"><strong>Ma\u00dfnahmen<\/strong><\/span><\/p>\n<ol>\n<li>Organisatorische Ma\u00dfnahmen: Prozesse<br \/>\nDie Rechte der Betroffenen, von denen personenbezogene Daten verarbeitet werden, m\u00fcssen in vorgegebener Art und Zeit erf\u00fcllt. Zur Einhaltung m\u00fcssen im Unternehmen Prozesse und Verantwortlichkeiten definiert werden, da ein Fehlverhalten leicht zu Anzeigen und damit verbundenen Strafen f\u00fchren kann.<\/li>\n<li>Technische Ma\u00dfnahmen: L\u00f6schung<br \/>\nDie Umsetzung der definierten L\u00f6schfristen f\u00fcr personenbezogene Daten muss abh\u00e4ngig vom Ausl\u00f6sezeitpunkt durchgef\u00fchrt werden k\u00f6nnen. Dabei gilt es, auch Abh\u00e4ngigkeiten anderer L\u00f6schfristen in Betracht zu ziehen.<\/li>\n<li>Technische Ma\u00dfnahmen: Einschr\u00e4nkung der Verarbeitung<br \/>\nEinzelne Datens\u00e4tze m\u00fcssen bei Bedarf von der Verarbeitung ausgesetzt werden k\u00f6nnen.<\/li>\n<\/ol>\n<p>Quelle:<br \/>\nhttps:\/\/www.wko.at\/service\/wirtschaftsrecht-gewerberecht\/EU-Datenschutz-Grundverordnung:-Checkliste.html<\/p>\n<p>Verfasst von: Szekely Beatrix<\/p>\n<p>https:\/\/www.youtube.com\/watch?v=bPS3ojekcKw<\/p>\n","protected":false},"excerpt":{"rendered":"<p>Was ist das? Am 14.04.2016 wurden bereits vom Parlament mit der Datenschutz-Grundverordnung die Regeln f\u00fcr die Verarbeitung von personenbezogenen Daten, die Rechte der Betroffenen und die Pflichten der Verantwortlichen EU-weltweit vereinheitlicht. Obwohl seit der Verordnung 2 Jahre vergangen sind und <span class=\"readmore\"><a href=\"https:\/\/digimed.phwien.ac.at\/?p=2159\">Continue Reading<\/a><\/span><\/p>\n","protected":false},"author":5,"featured_media":0,"comment_status":"open","ping_status":"open","sticky":false,"template":"","format":"standard","meta":{"footnotes":""},"categories":[30,27],"tags":[104,269,382],"class_list":["post-2159","post","type-post","status-publish","format-standard","hentry","category-datenschutz","category-wissens-und-informationsgesellschaft","tag-datenschutz","tag-pamebe","tag-wi-ss18"],"_links":{"self":[{"href":"https:\/\/digimed.phwien.ac.at\/index.php?rest_route=\/wp\/v2\/posts\/2159","targetHints":{"allow":["GET"]}}],"collection":[{"href":"https:\/\/digimed.phwien.ac.at\/index.php?rest_route=\/wp\/v2\/posts"}],"about":[{"href":"https:\/\/digimed.phwien.ac.at\/index.php?rest_route=\/wp\/v2\/types\/post"}],"author":[{"embeddable":true,"href":"https:\/\/digimed.phwien.ac.at\/index.php?rest_route=\/wp\/v2\/users\/5"}],"replies":[{"embeddable":true,"href":"https:\/\/digimed.phwien.ac.at\/index.php?rest_route=%2Fwp%2Fv2%2Fcomments&post=2159"}],"version-history":[{"count":0,"href":"https:\/\/digimed.phwien.ac.at\/index.php?rest_route=\/wp\/v2\/posts\/2159\/revisions"}],"wp:attachment":[{"href":"https:\/\/digimed.phwien.ac.at\/index.php?rest_route=%2Fwp%2Fv2%2Fmedia&parent=2159"}],"wp:term":[{"taxonomy":"category","embeddable":true,"href":"https:\/\/digimed.phwien.ac.at\/index.php?rest_route=%2Fwp%2Fv2%2Fcategories&post=2159"},{"taxonomy":"post_tag","embeddable":true,"href":"https:\/\/digimed.phwien.ac.at\/index.php?rest_route=%2Fwp%2Fv2%2Ftags&post=2159"}],"curies":[{"name":"wp","href":"https:\/\/api.w.org\/{rel}","templated":true}]}}