{"id":2166,"date":"2018-05-03T17:07:54","date_gmt":"2018-05-03T15:07:54","guid":{"rendered":"http:\/\/podcampus.phwien.ac.at\/digimed\/?p=2166"},"modified":"2018-05-03T17:07:54","modified_gmt":"2018-05-03T15:07:54","slug":"wie-erfahre-ich-welche-daten-facebook-ueber-mich-gesammelt-hat","status":"publish","type":"post","link":"https:\/\/digimed.phwien.ac.at\/?p=2166","title":{"rendered":"Wie erfahre ich, welche Daten Facebook \u00fcber mich gesammelt hat?"},"content":{"rendered":"<p>Jeder B\u00fcrger hat nach dem europ\u00e4ischen Recht das Recht dazu zu erfahren, welche Daten \u00fcber ihn oder sie im Netz gespeichert sind.<\/p>\n<p>Unter \u201eAllgemeine Einstellungen\u201c k\u00f6nnen User ihre bei Facebook gespeicherten Daten herunterladen. Dies ist unter dem Punkt \u201eLade eine Kopie deiner Facebook-Daten herunter\u201c<\/p>\n<p>Diese enthalten im Moment gr\u00f6\u00dften Teils ver\u00f6ffentlichten Fotos und Videos sowie zahlreiche Daten im HTML-Format, etwa die Profilinformationen, die Chronik, ausgetauschte Nachrichten, Veranstaltungseinladungen sowie Login-Daten zum Teil mit IP-Adressen.<\/p>\n<p>Auch wenn man selbst kein Konto bei Facebook hat, kann man unter <a href=\"mailto:datarequests@fb.com\">datarequests@fb.com<\/a>eine Anfrage auf einen Auszug der gespeicherten Daten \u00fcber die eigene Person stellen. Denn auch wenn ich selbst kein Konto habe, k\u00f6nnen meine Daten \u00fcber die Adressb\u00fccher meiner Freunde erlangt und gespeichert werden.<\/p>\n<p>&nbsp;<\/p>\n<p><a href=\"https:\/\/irights.info\/artikel\/wem-gehoren-meine-daten\/14308\">https:\/\/irights.info\/artikel\/wem-gehoren-meine-daten\/14308<\/a><\/p>\n","protected":false},"excerpt":{"rendered":"<p>Jeder B\u00fcrger hat nach dem europ\u00e4ischen Recht das Recht dazu zu erfahren, welche Daten \u00fcber ihn oder sie im Netz gespeichert sind. Unter \u201eAllgemeine Einstellungen\u201c k\u00f6nnen User ihre bei Facebook gespeicherten Daten herunterladen. Dies ist unter dem Punkt \u201eLade eine <span class=\"readmore\"><a href=\"https:\/\/digimed.phwien.ac.at\/?p=2166\">Continue Reading<\/a><\/span><\/p>\n","protected":false},"author":5,"featured_media":0,"comment_status":"closed","ping_status":"open","sticky":false,"template":"","format":"standard","meta":{"footnotes":""},"categories":[10],"tags":[104,269,382],"class_list":["post-2166","post","type-post","status-publish","format-standard","hentry","category-medienkompetenz","tag-datenschutz","tag-pamebe","tag-wi-ss18"],"_links":{"self":[{"href":"https:\/\/digimed.phwien.ac.at\/index.php?rest_route=\/wp\/v2\/posts\/2166","targetHints":{"allow":["GET"]}}],"collection":[{"href":"https:\/\/digimed.phwien.ac.at\/index.php?rest_route=\/wp\/v2\/posts"}],"about":[{"href":"https:\/\/digimed.phwien.ac.at\/index.php?rest_route=\/wp\/v2\/types\/post"}],"author":[{"embeddable":true,"href":"https:\/\/digimed.phwien.ac.at\/index.php?rest_route=\/wp\/v2\/users\/5"}],"replies":[{"embeddable":true,"href":"https:\/\/digimed.phwien.ac.at\/index.php?rest_route=%2Fwp%2Fv2%2Fcomments&post=2166"}],"version-history":[{"count":0,"href":"https:\/\/digimed.phwien.ac.at\/index.php?rest_route=\/wp\/v2\/posts\/2166\/revisions"}],"wp:attachment":[{"href":"https:\/\/digimed.phwien.ac.at\/index.php?rest_route=%2Fwp%2Fv2%2Fmedia&parent=2166"}],"wp:term":[{"taxonomy":"category","embeddable":true,"href":"https:\/\/digimed.phwien.ac.at\/index.php?rest_route=%2Fwp%2Fv2%2Fcategories&post=2166"},{"taxonomy":"post_tag","embeddable":true,"href":"https:\/\/digimed.phwien.ac.at\/index.php?rest_route=%2Fwp%2Fv2%2Ftags&post=2166"}],"curies":[{"name":"wp","href":"https:\/\/api.w.org\/{rel}","templated":true}]}}