{"id":2218,"date":"2018-06-03T21:15:20","date_gmt":"2018-06-03T19:15:20","guid":{"rendered":"http:\/\/podcampus.phwien.ac.at\/digimed\/?p=2218"},"modified":"2018-06-03T21:15:20","modified_gmt":"2018-06-03T19:15:20","slug":"medienaktivismus-nicht-schon-wieder-politik","status":"publish","type":"post","link":"https:\/\/digimed.phwien.ac.at\/?p=2218","title":{"rendered":"Medienaktivismus \u2013 nicht schon wieder Politik?!"},"content":{"rendered":"<p><em>Verfasst von: Marijana Antonic<\/em><\/p>\n<p>Wenn manch einer den Begriff <em>\u201eMedienaktivismus\u201c<\/em> h\u00f6rt, so rollen bereits Augen und ein Gedankengang macht sich im Gesichtsfeld bemerkbar, <strong>\u201eNicht schon wieder Politik!\u201c.<\/strong><\/p>\n<p>Ich kann euch beruhigen, Medienaktivismus ist viel mehr als Politik!<\/p>\n<p>Seit der Entstehung unserer Geschichte unterscheiden, wir Menschen uns von den Tieren, durch unsere Gedanken, welche wir am besten immer jemandem preisgeben wollen. Dies fing jedoch nicht nur seit den neuen Medien wie, z.B.: <em>\u201eFacebook, Twitter und Co.\u201c<\/em> an, sondern war schon in der Steinzeit an diversen Steinmauern allgegenw\u00e4rtig und sorgen noch immer f\u00fcr R\u00e4tsel.<\/p>\n<p><em>Medienaktivismus war also schon immer da, warum also erst jetzt dieser Begriff? \u00a0<\/em><\/p>\n<p>Durch unsere digitalisierte On- und Offline-Welt definieren wir uns als Gesellschaft immer mehr dadurch, f\u00fcr alles und jeden einen Begriff zu nennen. Medienaktivismus ist also nur ein weiterer Begriff in unserer schnelllebigen Internet-Welt, welcher in zehn Jahren wahrscheinlich eine neue Definition erhalten wird, weshalb es so schwierig macht dieses Wort korrekt zu definieren.<\/p>\n<p>Der Mainstream-Konsument interessiert sich weniger f\u00fcr den Medienaktivismus, eher sind es Leute, die hinter den Kulissen und Fassaden blicken wollen und eine neue Blickweise auf politische, kulturgeschichtliche oder technologische Themen anleiten wollen.<\/p>\n<p>In \u00d6sterreich findet man als einer der ersten Verb\u00e4nde f\u00fcr medienaktivistische Arbeit den <em>\u201eVerband Freier Radios \u00d6sterreich\u201c<\/em>, welcher in den fr\u00fchen 1990er Jahren bereits vor der Legalisierung des privaten Rundfunks gegr\u00fcndet worden sind. Nat\u00fcrlich sieht man die Gr\u00fcndung als kleinen \u201epolitischen Akt\u201c, da dies ein Aufschrei nach alternativen Radioprogrammen bedeutete.<\/p>\n<p>Die bekanntesten Medien sind mittlerweile <em>\u201eFacebook, Twitter und Co.\u201c<\/em>, gro\u00dfe Zeitungsverlage sowie das \u00f6ffentliche und private Fernsehen.<\/p>\n<p>Durch diverse Online-Aktivit\u00e4ten, welche jeder von uns tagt\u00e4glich t\u00e4tigt, f\u00fcttern wir die gro\u00dfen Konzerne wie <em>\u201eGoogle\u201c<\/em> und <em>\u201eFacebook\u201c<\/em> mit Informationen, die unseren \u201eNewsfeed\u201c in den sozialen Medien beeinflussen und wir dem Strom der immer gleich schwimmenden \u201eFische\u201c bzw. Informationen nicht entweichen k\u00f6nnen.<\/p>\n<p>Aus diesem Grund sollte der Begriff Medienaktivismus bereits in der Volksschule, bei den kleinsten Mitbewohnern unserer Welt, ein immer gr\u00f6\u00dferes Thema in der Medienerziehung werden. Denn durch unsere Konsumspuren und Denkweisen, welche wir im <em>WWW (World-Wide-Web)<\/em> hinterlassen, sind wir alle verpflichtet, diese mit einem kritischen Auge zu betrachten.<\/p>\n","protected":false},"excerpt":{"rendered":"<p>Verfasst von: Marijana Antonic Wenn manch einer den Begriff \u201eMedienaktivismus\u201c h\u00f6rt, so rollen bereits Augen und ein Gedankengang macht sich im Gesichtsfeld bemerkbar, \u201eNicht schon wieder Politik!\u201c. Ich kann euch beruhigen, Medienaktivismus ist viel mehr als Politik! Seit der Entstehung <span class=\"readmore\"><a href=\"https:\/\/digimed.phwien.ac.at\/?p=2218\">Continue Reading<\/a><\/span><\/p>\n","protected":false},"author":5,"featured_media":0,"comment_status":"open","ping_status":"open","sticky":false,"template":"","format":"standard","meta":{"footnotes":""},"categories":[35,27],"tags":[129,158,274,382],"class_list":["post-2218","post","type-post","status-publish","format-standard","hentry","category-medienaktivismus","category-wissens-und-informationsgesellschaft","tag-facebook","tag-google","tag-politische-bildung","tag-wi-ss18"],"_links":{"self":[{"href":"https:\/\/digimed.phwien.ac.at\/index.php?rest_route=\/wp\/v2\/posts\/2218","targetHints":{"allow":["GET"]}}],"collection":[{"href":"https:\/\/digimed.phwien.ac.at\/index.php?rest_route=\/wp\/v2\/posts"}],"about":[{"href":"https:\/\/digimed.phwien.ac.at\/index.php?rest_route=\/wp\/v2\/types\/post"}],"author":[{"embeddable":true,"href":"https:\/\/digimed.phwien.ac.at\/index.php?rest_route=\/wp\/v2\/users\/5"}],"replies":[{"embeddable":true,"href":"https:\/\/digimed.phwien.ac.at\/index.php?rest_route=%2Fwp%2Fv2%2Fcomments&post=2218"}],"version-history":[{"count":0,"href":"https:\/\/digimed.phwien.ac.at\/index.php?rest_route=\/wp\/v2\/posts\/2218\/revisions"}],"wp:attachment":[{"href":"https:\/\/digimed.phwien.ac.at\/index.php?rest_route=%2Fwp%2Fv2%2Fmedia&parent=2218"}],"wp:term":[{"taxonomy":"category","embeddable":true,"href":"https:\/\/digimed.phwien.ac.at\/index.php?rest_route=%2Fwp%2Fv2%2Fcategories&post=2218"},{"taxonomy":"post_tag","embeddable":true,"href":"https:\/\/digimed.phwien.ac.at\/index.php?rest_route=%2Fwp%2Fv2%2Ftags&post=2218"}],"curies":[{"name":"wp","href":"https:\/\/api.w.org\/{rel}","templated":true}]}}