{"id":2232,"date":"2018-06-08T17:58:37","date_gmt":"2018-06-08T15:58:37","guid":{"rendered":"http:\/\/podcampus.phwien.ac.at\/digimed\/?p=2232"},"modified":"2018-06-08T17:58:37","modified_gmt":"2018-06-08T15:58:37","slug":"kuenstliche-intelligenz-und-die-daraus-resultierenden-gluecklichen-arbeitslosen","status":"publish","type":"post","link":"https:\/\/digimed.phwien.ac.at\/?p=2232","title":{"rendered":"K\u00fcnstliche Intelligenz und die daraus resultierenden gl\u00fccklichen Arbeitslosen"},"content":{"rendered":"<p>Verfasst von: Mirjam Ikic<\/p>\n<p><strong>\u00a0<\/strong><strong>K\u00fcnstliche Intelligenz und die daraus resultierenden gl\u00fccklicken Arbeitslosen<\/strong><\/p>\n<p><strong>\u00a0<\/strong>Die Technik schreitet immer weiter vor, aber was bedeutet dies eigentlich f\u00fcr die Menschheit? Immer mehr Maschinen \u00fcbernehmen die Arbeit von Menschen, was \u00fcberbleibt ist eine hohe Anzahl an Arbeitslosen.<\/p>\n<p>Nun melden sich die gl\u00fccklichen Arbeitslosen zu Wort. Laut Ihnen ist jeder Mensch ein bisschen ungl\u00fccklich, da jeder von uns nunmal ein wenig Arbeiten muss, um\u00a0 sein Leben finanzieren zu k\u00f6nnen. Unser gro\u00dfes Ziel? Gl\u00fccklich arbeitslos sein.<\/p>\n<p>Die Zahl wird auf ein paar Millionen gesch\u00e4tzt, weil viele ihr \u201eComing out\u201c noch nicht erlebt haben, weil sie sich nicht trauen, ihre tiefsten und innersten W\u00fcnsche zu \u00e4u\u00dfern. Nun werden die gl\u00fccklichen Arbeitslosen aktiv und versuchen die \u00d6ffentlichkeit zu erobern.<\/p>\n<p>Stellt sich die Frage, was sie damit bezwecken wollen.<\/p>\n<p>Sie fordern:<\/p>\n<ul>\n<li>Gesellschaftliche Akzeptanz f\u00fcr gl\u00fcckliche Arbeitslose,<\/li>\n<li>ein artgerechtes soziales Umfeld,<\/li>\n<li>eine Anh\u00e4ufung von Angelegenheiten, bei denen sich gl\u00fcckliche Arbeitslose kennenlernen und treffen k\u00f6nnen,<\/li>\n<li>das Abschaffen der Lohnabh\u00e4ngigkeit und<\/li>\n<li>eine neue Lebensphilosophie, die die alte vollst\u00e4ndig vernichten soll.<\/li>\n<\/ul>\n<p>Warum?<\/p>\n<p>Weil Arbeitslosigkeit nie zur G\u00e4nze abgeschafft werden kann! L\u00e4uft ein Betrieb schlecht, so ist die logische Schlussfolgerung, dass Mitarbeiter entlassen werden.<\/p>\n<p>Fr\u00fcher wurden Arbeiter noch gesch\u00e4tzt, weil sie notwendig waren. Heutzutage ist dies aber nicht mehr der Fall, weil Maschinen einfach effizienter, schneller und vor allem billiger arbeiten.<\/p>\n<p>Aristoteles sagte bereits vor 2300 Jahren:<\/p>\n<p><em>&#8222;Wenn jedes Werkzeug seine eigene Funktion selbst erf\u00fcllen k\u00f6nnte, wenn zum Beispiel das Weberschiffchen allein wirken k\u00f6nnte, dann w\u00fcrde der Werkmeister keine Gehilfen brauchen, und der Herr keine Sklaven.\u201c<\/em><\/p>\n<p>Nun wo sich dies verwirklicht hat, empfinden dies viele als Alptraum, weil sich das soziale Umfeld einfach nicht so schnell entwickelt hat, wie Maschinen. Dies ist allerdings ein Prozess, der unumkehrbar ist.<\/p>\n<p>Wenn ein Arbeitsloser nun arbeitslos ist, dann erfolgte dies aufgrund eines misslungenen Bewerbungsprozesses, der Unzufriedenheit oder aber durch eine Entlassung. Die meisten versuchten sozusagen bereits einmal eine Arbeit zu finden. Warum sollten diese unfreiwilligen Arbeitslosen dann nicht gl\u00fccklich Leben d\u00fcrfen? Sollte man sie nicht sogar eher daf\u00fcr entlohnen, dass sie den Gewinn eines Konzerns durch ihre Abwesenheit steigern?<\/p>\n<p>Wenn dich diese Frage nun besch\u00e4ftigt, dann komm zu unserer Pr\u00e4sentation am 12.Juni und erfahre noch viel mehr.<\/p>\n<p>Teammitglieder: Marlen Pater, Katharina Rohringer, Sophie Sari<\/p>\n","protected":false},"excerpt":{"rendered":"<p>Verfasst von: Mirjam Ikic \u00a0K\u00fcnstliche Intelligenz und die daraus resultierenden gl\u00fccklicken Arbeitslosen \u00a0Die Technik schreitet immer weiter vor, aber was bedeutet dies eigentlich f\u00fcr die Menschheit? Immer mehr Maschinen \u00fcbernehmen die Arbeit von Menschen, was \u00fcberbleibt ist eine hohe Anzahl <span class=\"readmore\"><a href=\"https:\/\/digimed.phwien.ac.at\/?p=2232\">Continue Reading<\/a><\/span><\/p>\n","protected":false},"author":5,"featured_media":0,"comment_status":"open","ping_status":"open","sticky":false,"template":"","format":"standard","meta":{"footnotes":""},"categories":[34,27],"tags":[382],"class_list":["post-2232","post","type-post","status-publish","format-standard","hentry","category-ki","category-wissens-und-informationsgesellschaft","tag-wi-ss18"],"_links":{"self":[{"href":"https:\/\/digimed.phwien.ac.at\/index.php?rest_route=\/wp\/v2\/posts\/2232","targetHints":{"allow":["GET"]}}],"collection":[{"href":"https:\/\/digimed.phwien.ac.at\/index.php?rest_route=\/wp\/v2\/posts"}],"about":[{"href":"https:\/\/digimed.phwien.ac.at\/index.php?rest_route=\/wp\/v2\/types\/post"}],"author":[{"embeddable":true,"href":"https:\/\/digimed.phwien.ac.at\/index.php?rest_route=\/wp\/v2\/users\/5"}],"replies":[{"embeddable":true,"href":"https:\/\/digimed.phwien.ac.at\/index.php?rest_route=%2Fwp%2Fv2%2Fcomments&post=2232"}],"version-history":[{"count":0,"href":"https:\/\/digimed.phwien.ac.at\/index.php?rest_route=\/wp\/v2\/posts\/2232\/revisions"}],"wp:attachment":[{"href":"https:\/\/digimed.phwien.ac.at\/index.php?rest_route=%2Fwp%2Fv2%2Fmedia&parent=2232"}],"wp:term":[{"taxonomy":"category","embeddable":true,"href":"https:\/\/digimed.phwien.ac.at\/index.php?rest_route=%2Fwp%2Fv2%2Fcategories&post=2232"},{"taxonomy":"post_tag","embeddable":true,"href":"https:\/\/digimed.phwien.ac.at\/index.php?rest_route=%2Fwp%2Fv2%2Ftags&post=2232"}],"curies":[{"name":"wp","href":"https:\/\/api.w.org\/{rel}","templated":true}]}}