{"id":2386,"date":"2018-11-09T12:12:09","date_gmt":"2018-11-09T10:12:09","guid":{"rendered":"http:\/\/podcampus.phwien.ac.at\/digimed\/?p=2386"},"modified":"2018-11-09T12:12:09","modified_gmt":"2018-11-09T10:12:09","slug":"schule-4-0-wo-geht-die-reise-hin","status":"publish","type":"post","link":"https:\/\/digimed.phwien.ac.at\/?p=2386","title":{"rendered":"Schule 4.0- Wo geht die Reise hin?"},"content":{"rendered":"<p>J\u00e4nner 2017: Das Bundesministerium f\u00fcr Bildung pr\u00e4sentiert ein vier S\u00e4ulen Modell f\u00fcr die Vermittlung digitaler Medienbildung in Schulen. Es wurden umfassende Aus- und Weiterbildungen, Ger\u00e4teausstattung und Unterst\u00fctzung f\u00fcr LehrerInnen durch eine Eduthek (Plattform) angek\u00fcndigt. Digitale Grundbildung soll in die Lehrpl\u00e4ne ab der Volksschule verankert werden. Die Vermittlung der Medienkompetenz ist wichtig f\u00fcr die Bildung des Menschen in einer modernen Wissens- und Informationsgesellschaft und f\u00f6rdert die Kritikf\u00e4higkeit bei der Nutzung von und der Gestaltung mit Medien.<\/p>\n<p><a href=\"http:\/\/podcampus.phwien.ac.at\/digimed\/files\/2018\/11\/s\u00e4ulen-2.jpg\"><img loading=\"lazy\" decoding=\"async\" class=\"alignnone wp-image-2392\" src=\"http:\/\/podcampus.phwien.ac.at\/digimed\/files\/2018\/11\/s\u00e4ulen-2-300x197.jpg\" alt=\"\" width=\"606\" height=\"398\" srcset=\"https:\/\/digimed.phwien.ac.at\/wp-content\/uploads\/2018\/11\/s\u00e4ulen-2-300x197.jpg 300w, https:\/\/digimed.phwien.ac.at\/wp-content\/uploads\/2018\/11\/s\u00e4ulen-2-768x504.jpg 768w, https:\/\/digimed.phwien.ac.at\/wp-content\/uploads\/2018\/11\/s\u00e4ulen-2.jpg 801w\" sizes=\"auto, (max-width: 606px) 100vw, 606px\" \/><\/a><\/p>\n<h4>Globale Trends<\/h4>\n<p>Der international anerkannte NMC Horizon Report\u00a0identifiziert und beschreibt wichtige Technologieentwicklungen, die zuk\u00fcnftig weltweit gro\u00dfen Einfluss auf die Technologieplanung und Entscheidungsfindung im Bildungsbereich haben werden. Die Ausgabe 2017 f\u00fcr die Primar- und Sekundarstufe (K-12) stellt sechs Schl\u00fcsseltrends vor, die sich wahrscheinlich innerhalb der kommenden f\u00fcnf Jahre (2017-2021) durchsetzen werden:<\/p>\n<p><u>Trend 1: Bef\u00f6rderung von Innovationskulturen<\/u><\/p>\n<p>Der Trend in Schulen geht immer weiter in die Richtung des Sch\u00fcler- zentierten Lernens, wobei es um den Erwerb von kritischem Denken in allt\u00e4glichen Situationen geht. Unternehmertum, Zusammenarbeit, projektbasiertes Lernen und Kreativit\u00e4t sind Kennzeichen dieses Trends. Regierungs-, Schul- und NGO-F\u00fchrer, gelten als Vorreiter f\u00fcr effektive, neue Modelle. Viele dieser aufkommenden Modelle wurzeln in Prinzipien, die die Charakterentwicklung, das Streben unterst\u00fctzen und die Lernenden dazu ermutigen, hart an ihren Zielen zu arbeiten und ihre Ideen zu verwirklichen. Dazu m\u00fcssen sowohl Sch\u00fcler als auch Lehrer mit den Denkweisen und Werkzeugen ausgestattet sein, um Impulse f\u00fcr einen echten Fortschritt zu setzen.<\/p>\n<p><u>Trend 2: Vertiefende Lernans\u00e4tze<\/u><\/p>\n<p>In der Ausbildung der Primar- und Sekundarstufe wird der Schwerpunkt auf tiefer gehende Lernans\u00e4tze gelegt, die die Sch\u00fcler zum kritischen Denken, zur Probleml\u00f6sung, zur Zusammenarbeit und zum selbstgesteuerten Lernen anregen. Sch\u00fcler sollen verstehen k\u00f6nnen, wie vorhandenes Wissen und neue F\u00e4higkeiten in das allt\u00e4gliche Leben eingebunden werden k\u00f6nnen. Wird das Lernen vom passiven zum aktiven Lernen verlagert, liegt der Fokus auf problemorientiertem, projektbasiertem, auf Herausforderung basierendem und auf Fragen basierendem Lernen. Diese Arten des Lernens f\u00f6rdern die kreative und die aktive Umsetzung von L\u00f6sungen.<\/p>\n<p><u>Trend 3: Das Messen von \u201eLernen\u201c<\/u><\/p>\n<p>Verschiedenste Werkzeuge zur Beurteilung von Schulreife, Lernfortschritt und Kompetenzerwerb werden getestet und evaluiert. Die Datengewinnungsprogramme sollen die Lehrer bei der Unterrichtsplanung unterst\u00fctzen. Zu diesem Trend geh\u00f6ren auch Versuche innovative Wege zu finden um Soft Skills wie Kreativit\u00e4t und Teamf\u00e4higkeit zu messen.<\/p>\n<p><u>Trend 4: Neue Lernumgebungen<\/u><\/p>\n<p>Traditionelle Klassenzimmer ver\u00e4ndern sich hin zu \u201eactive learning spaces\u201c. Diese neuen Lernumgebungen sind modular, vielseitig und flexibel (z. B. mobile M\u00f6bel f\u00fcr alternative Sitzm\u00f6glichkeiten). Es geht um verbessertes Lernen durch mehr Wohlbefinden der Sch\u00fcler.<\/p>\n<p><u>Trend 5: Programmierkenntnisse<\/u><\/p>\n<p>Viele P\u00e4dagogen glauben, dass Programmierkenntnisse Kindern helfen zu verstehen, wie Computer funktionieren, ihre Gedanken zu\u00a0 strukturieren, kritisch zu denken und in der zunehmend digitalen Arbeitswelt erfolgreich zu sein. Bef\u00fcrworter pl\u00e4dieren f\u00fcr die Aufnahme in das Curriculum f\u00fcr die Primar- und Sekundarstufe.<\/p>\n<p><u>Trend 6: STEAM Learning <\/u><\/p>\n<p>In den letzten Jahren wurde verst\u00e4rkt versucht die Bereiche Naturwissenschaften, Technik, Ingenieurswissenschaften und Mathematik (STEM-F\u00e4cher) in Curricula und Lehrpl\u00e4nen unterzubringen. Gemeinsam mit A f\u00fcr Kunst+, als wichtiger Beitrag f\u00fcr die Entwicklung von kritischem Denken und Kreativit\u00e4t entstand daraus die STEAM-Lernbewegung. F\u00e4cher\u00fcbergreifende, integrative Projekte f\u00fchren die Sch\u00fclerinnen und Sch\u00fcler an die reale Welt heran. Die Sch\u00fcler starten mit einem f\u00e4cher\u00fcbergreifenden Thema, finden Fragen und kreative L\u00f6sungswege.<\/p>\n<p><strong>Quellen:<\/strong><\/p>\n<p>https:\/\/oefeb.at\/fileadmin\/Medienpaedagogik\/Stellungnahme_Oefeb_mep_schule4-0.pdf (Zugriff, am 02.11.2018)<\/p>\n<p>https:\/\/www.google.com\/search?q=schule+4.0+4+s%C3%A4ulen&amp;client=firefox-b-ab&amp;source=lnms&amp;tbm=isch&amp;sa=X&amp;ved=0ahUKEwjFpuT8t9jeAhXPGewKHQVBCvUQ_AUIDigB#imgrc=s_TOuF_i28X4aM: (Zugriff, am 02.11.2018)<\/p>\n<p>Seminarblog von: Anahi Chist\u00e9, Pernille Nevhage- Eliasson, Jasmine Kiessling, Jennifer Obermayr und Monika Rodan<\/p>\n","protected":false},"excerpt":{"rendered":"<p>J\u00e4nner 2017: Das Bundesministerium f\u00fcr Bildung pr\u00e4sentiert ein vier S\u00e4ulen Modell f\u00fcr die Vermittlung digitaler Medienbildung in Schulen. Es wurden umfassende Aus- und Weiterbildungen, Ger\u00e4teausstattung und Unterst\u00fctzung f\u00fcr LehrerInnen durch eine Eduthek (Plattform) angek\u00fcndigt. Digitale Grundbildung soll in die Lehrpl\u00e4ne <span class=\"readmore\"><a href=\"https:\/\/digimed.phwien.ac.at\/?p=2386\">Continue Reading<\/a><\/span><\/p>\n","protected":false},"author":7,"featured_media":0,"comment_status":"open","ping_status":"open","sticky":false,"template":"","format":"image","meta":{"footnotes":""},"categories":[15,17,37,26,27],"tags":[],"class_list":["post-2386","post","type-post","status-publish","format-image","hentry","category-padagogik","category-projekte","category-schule4-0","category-vs","category-wissens-und-informationsgesellschaft","post_format-post-format-image"],"_links":{"self":[{"href":"https:\/\/digimed.phwien.ac.at\/index.php?rest_route=\/wp\/v2\/posts\/2386","targetHints":{"allow":["GET"]}}],"collection":[{"href":"https:\/\/digimed.phwien.ac.at\/index.php?rest_route=\/wp\/v2\/posts"}],"about":[{"href":"https:\/\/digimed.phwien.ac.at\/index.php?rest_route=\/wp\/v2\/types\/post"}],"author":[{"embeddable":true,"href":"https:\/\/digimed.phwien.ac.at\/index.php?rest_route=\/wp\/v2\/users\/7"}],"replies":[{"embeddable":true,"href":"https:\/\/digimed.phwien.ac.at\/index.php?rest_route=%2Fwp%2Fv2%2Fcomments&post=2386"}],"version-history":[{"count":0,"href":"https:\/\/digimed.phwien.ac.at\/index.php?rest_route=\/wp\/v2\/posts\/2386\/revisions"}],"wp:attachment":[{"href":"https:\/\/digimed.phwien.ac.at\/index.php?rest_route=%2Fwp%2Fv2%2Fmedia&parent=2386"}],"wp:term":[{"taxonomy":"category","embeddable":true,"href":"https:\/\/digimed.phwien.ac.at\/index.php?rest_route=%2Fwp%2Fv2%2Fcategories&post=2386"},{"taxonomy":"post_tag","embeddable":true,"href":"https:\/\/digimed.phwien.ac.at\/index.php?rest_route=%2Fwp%2Fv2%2Ftags&post=2386"}],"curies":[{"name":"wp","href":"https:\/\/api.w.org\/{rel}","templated":true}]}}