{"id":2403,"date":"2018-11-11T21:20:03","date_gmt":"2018-11-11T19:20:03","guid":{"rendered":"http:\/\/podcampus.phwien.ac.at\/digimed\/?p=2403"},"modified":"2018-11-11T21:20:03","modified_gmt":"2018-11-11T19:20:03","slug":"datenschutz-ueberwachung-im-bildungssystem","status":"publish","type":"post","link":"https:\/\/digimed.phwien.ac.at\/?p=2403","title":{"rendered":"Datenschutz- \u00dcberwachung im Bildungssystem"},"content":{"rendered":"<p>Datenschutz\u00a0ist ein in der zweiten H\u00e4lfte des 20. Jahrhunderts entstandener Begriff, der teilweise unterschiedlich definiert und interpretiert wird. Datenschutz kann man aus verschiedenen Richtungen betrachten, je nach Betrachtungsweise entstehen unterschiedliche Definitionen. Unter anderem Schutz vor missbr\u00e4uchlicher Datenverarbeitung, Schutz des Rechts auf informationelle Selbstbestimmung, Schutz des Pers\u00f6nlichkeitsrechts bei der Datenverarbeitung und auch Schutz der Privatsph\u00e4re.<\/p>\n<p>Datenschutz wird h\u00e4ufig als Recht verstanden, dass jeder Mensch grunds\u00e4tzlich selbst dar\u00fcber entscheiden darf, wem wann welche seiner pers\u00f6nlichen Daten zug\u00e4nglich sein sollen. Der Datenschutz soll der in der zunehmend digitalen und vernetzten\u00a0Informationsgesellschaft bestehenden Tendenz zum sogenannten\u00a0gl\u00e4sernen Menschen, dem Ausufern staatlicher\u00a0\u00dcberwachungsma\u00dfnahmen\u00a0(\u00dcberwachungsstaat) und der Entstehung von Datenmonopolen von Privatunternehmen entgegenwirken.<\/p>\n<p><strong>Datenschutzgesetz \u00d6sterreich<\/strong><\/p>\n<p>Rechtsgrundlage f\u00fcr den Datenschutz ist in \u00d6sterreich das\u00a0Datenschutzgesetz 2000 (DSG 2000), die Datenschutzbeh\u00f6rde kontrolliert die Einhaltung des Datenschutzes.<\/p>\n<p>Das\u00a0Datenschutzgesetz\u00a0regelt gemeinsam mit der\u00a0Datenschutz-Grundverordnung\u00a0den Schutz\u00a0personenbezogener Daten in\u00a0\u00d6sterreich (E-Mail-Anschrift, Geburtsdatum oder Telefonnummer). Diese oder \u00e4hnliche Angaben d\u00fcrfen ohne vorherige Zustimmung des Betroffenen nur in speziellen F\u00e4llen weitergegeben werden. Die\u00a0Datenschutzkommission\u00a0ist durch dieses Gesetz eingerichtet.<\/p>\n<p>\u00d6sterreich war einer der ersten europ\u00e4ischen Staaten mit einer eigenen Beh\u00f6rde f\u00fcr den Datenschutz. Mit diesem wurde auch die\u00a0Datenschutzkommission\u00a0geschaffen (seit 2012\u00a0Datenschutzbeh\u00f6rde,\u00a0DSB).<\/p>\n<p>Quelle:\u00a0<a href=\"https:\/\/de.wikipedia.org\/wiki\/Datenschutz\">https:\/\/de.wikipedia.org\/wiki\/Datenschutz<\/a><\/p>\n<p><!--more--><\/p>\n<p><strong>Allgemeine Informationen zum Datenschutz NEU seit 25. Mai 2018<\/strong><\/p>\n<p>Die neuen Datenschutzbestimmungen gelten sein 25. Mai 2018 f\u00fcr alle Unternehmen, die in irgendeiner Art und Weise personenbezogene Daten verarbeiten oder \u00fcber die Zwecke und Mittel solcher Daten entscheiden, egal wie gro\u00df das Unternehmen ist.<\/p>\n<p>Neuerungen:<\/p>\n<ul>\n<li>Verst\u00e4rkte Eigenverantwortung von Unternehmen\u00a0durch Regelung\u00a0u.a.\u00a0folgender\u00a0Pflichten:<\/li>\n<li>F\u00fchrung eines Verzeichnisses von Verarbeitungst\u00e4tigkeiten (sogenanntes\u00a0&#8222;Datenverarbeitungsverzeichnis&#8220;)<\/li>\n<li>Ma\u00dfnahmenzum Schutz personenbezogener Daten (z.B. Verschl\u00fcsselung der Daten)<\/li>\n<li>Zahlreiche\u00a0Informationspflichten<\/li>\n<li>Meldung von Datenschutzverletzungen<\/li>\n<li>Bestellung eines\u00a0Datenschutzbeauftragten(in bestimmten F\u00e4llen,\u00a0z.B.\u00a0bei umfangreicher Verarbeitung &#8222;sensibler Daten&#8220; als Kernt\u00e4tigkeit des Unternehmens)<\/li>\n<li>Datenschutz-Folgenabsch\u00e4tzungbei Verarbeitungen mit voraussichtlich hohem Risiko f\u00fcr die Rechte und Freiheiten nat\u00fcrlicher Personen<\/li>\n<li>Ausf\u00fchrliche Informationen zum Thema &#8222;Pflichten von Unternehmen&#8220; finden sich auf\u00a0USP.gv.at.<\/li>\n<li>Umfassende\u00a0Rechte von Betroffenen(Recht auf Auskunft, Berichtigung, L\u00f6schung oder Einschr\u00e4nkung der Verarbeitung, Widerspruchsrecht\u00a0etc.)<\/li>\n<li>Androhung\u00a0sehr hoher Strafen bei Verst\u00f6\u00dfen(Geldbu\u00dfen von bis zu 20 Millionen Euro oder 4 Prozent des weltweiten Konzernumsatzes, je nachdem, welcher Betrag h\u00f6her ist)<\/li>\n<\/ul>\n<p>Quelle: https:\/\/www.help.gv.at\/Portal.Node\/hlpd\/public\/content\/436\/Seite.4360000.html<\/p>\n<p><a href=\"https:\/\/www.medienimpulse.at\/articles\/view\/861?navi=1\" target=\"_blank\" rel=\"noopener noreferrer\"><strong>Medienp\u00e4dagogInnen warnen vor \u00dcberwachung im Bildungssystem<\/strong><\/a><\/p>\n<p>Quelle: (<a href=\"https:\/\/www.medienimpulse.at\/articles\/view\/861?navi=1\" target=\"_blank\" rel=\"noopener noreferrer\">https:\/\/www.medienimpulse.at\/articles\/view\/861?navi=1<\/a>)<\/p>\n<p>Verfasst von: Franziska Spiegelfeld, Marlen Friedrich, Julia D\u00f6berl, Alexander Domnanovits, Anna- Lena Perlinger<\/p>\n","protected":false},"excerpt":{"rendered":"<p>Datenschutz\u00a0ist ein in der zweiten H\u00e4lfte des 20. Jahrhunderts entstandener Begriff, der teilweise unterschiedlich definiert und interpretiert wird. Datenschutz kann man aus verschiedenen Richtungen betrachten, je nach Betrachtungsweise entstehen unterschiedliche Definitionen. Unter anderem Schutz vor missbr\u00e4uchlicher Datenverarbeitung, Schutz des Rechts <span class=\"readmore\"><a href=\"https:\/\/digimed.phwien.ac.at\/?p=2403\">Continue Reading<\/a><\/span><\/p>\n","protected":false},"author":8,"featured_media":0,"comment_status":"open","ping_status":"open","sticky":false,"template":"","format":"standard","meta":{"footnotes":""},"categories":[30,27],"tags":[104,176,236,308],"class_list":["post-2403","post","type-post","status-publish","format-standard","hentry","category-datenschutz","category-wissens-und-informationsgesellschaft","tag-datenschutz","tag-internet","tag-medienpadagogik","tag-sicherheit"],"_links":{"self":[{"href":"https:\/\/digimed.phwien.ac.at\/index.php?rest_route=\/wp\/v2\/posts\/2403","targetHints":{"allow":["GET"]}}],"collection":[{"href":"https:\/\/digimed.phwien.ac.at\/index.php?rest_route=\/wp\/v2\/posts"}],"about":[{"href":"https:\/\/digimed.phwien.ac.at\/index.php?rest_route=\/wp\/v2\/types\/post"}],"author":[{"embeddable":true,"href":"https:\/\/digimed.phwien.ac.at\/index.php?rest_route=\/wp\/v2\/users\/8"}],"replies":[{"embeddable":true,"href":"https:\/\/digimed.phwien.ac.at\/index.php?rest_route=%2Fwp%2Fv2%2Fcomments&post=2403"}],"version-history":[{"count":0,"href":"https:\/\/digimed.phwien.ac.at\/index.php?rest_route=\/wp\/v2\/posts\/2403\/revisions"}],"wp:attachment":[{"href":"https:\/\/digimed.phwien.ac.at\/index.php?rest_route=%2Fwp%2Fv2%2Fmedia&parent=2403"}],"wp:term":[{"taxonomy":"category","embeddable":true,"href":"https:\/\/digimed.phwien.ac.at\/index.php?rest_route=%2Fwp%2Fv2%2Fcategories&post=2403"},{"taxonomy":"post_tag","embeddable":true,"href":"https:\/\/digimed.phwien.ac.at\/index.php?rest_route=%2Fwp%2Fv2%2Ftags&post=2403"}],"curies":[{"name":"wp","href":"https:\/\/api.w.org\/{rel}","templated":true}]}}