{"id":2578,"date":"2019-01-22T00:20:09","date_gmt":"2019-01-21T22:20:09","guid":{"rendered":"http:\/\/podcampus.phwien.ac.at\/digimed\/?p=2578"},"modified":"2019-01-22T00:20:09","modified_gmt":"2019-01-21T22:20:09","slug":"internet-der-dinge-iot","status":"publish","type":"post","link":"https:\/\/digimed.phwien.ac.at\/?p=2578","title":{"rendered":"Internet der Dinge &#8211; IoT"},"content":{"rendered":"\n<p>(c) Patricia Cihlar, Martina Nica, Kathrin Loslo, Glatz Barbara<br><\/p>\n\n\n\n<h1 class=\"wp-block-heading\">Definition<\/h1>\n\n\n\n<p>Im\nJahr 1999 wurde der Begriff erstmals von Kevin Ashton erw\u00e4hnt. Um die\nJahrtausendwende begann, wegen der Verbreitung von WLAN und Bluetooth, die\nerste Phase der &#8222;Vernetzung von Werkzeug, und Armbanduhr und Schuhe,\nJacke, Auto, Stuhl und Teppichb\u00f6den&#8220;, welche die einfachste Form des IoT\nist. (Alois Ferscha, Vorstand des Instituts f\u00fcr Pervasive Computing an der\nUniversit\u00e4t Linz)<\/p>\n\n\n\n<p>&nbsp;\u201eDas Internet der Dinge (englisch: Internet of\nThings, kurz IoT) bezeichnet die Verkn\u00fcpfung eindeutig identifizierbarer\nphysischer Objekte mit einer virtuellen Repr\u00e4sentation innerhalb einer\nInternet-\u00e4hnlichen Struktur.<\/p>\n\n\n\n<p>Objekte, Menschen,\nSysteme und Informationsquellen verbinden sich darin zu einer Infrastruktur,\ndie in der Lage ist, mit Hilfe intelligenter Services Informationen sowohl aus\nder realen wie auch aus der virtuellen Welt zu verarbeiten. Dar\u00fcber hinaus ist\ndas System in der Lage, auf diese Informationen zu reagieren\u201c und autonom zu\nhandeln. <a href=\"#_ftn1\">[1]<\/a><\/p>\n\n\n\n<h2 class=\"wp-block-heading\">Beispiele:<\/h2>\n\n\n\n<ol class=\"wp-block-list\"><li>Waschmaschine:<\/li><\/ol>\n\n\n\n<p>Wenn eine Waschmaschine mit dem Internet verbunden wird,\nwird sie zu einem \u201eintelligenten Gegenstand\u201c. Sie ist dann im Stande mit den\nMenschen (\u00fcber ein internetf\u00e4higes Ger\u00e4t) zu kommunizieren sowie mit anderen\nDevices, die mit dem Internet verbunden sind. <\/p>\n\n\n\n<ul class=\"wp-block-list\"><li>wann\nist die W\u00e4sche fertig<\/li><li>startet,\nwenn der Strom dazu am g\u00fcnstigsten ist<\/li><li>K\u00fchlschrank:<\/li><\/ul>\n\n\n\n<p>Ist der K\u00fchlschrank leer, wird dies erkannt und per\nOnlineshopping neu bef\u00fcllt. Dies geschieht je nach pers\u00f6nlichen Pr\u00e4ferenzen,\ndie \u00fcber eine gewisse Zeit lang mittels Datensammlung angeh\u00e4uft wurde. <\/p>\n\n\n\n<ul class=\"wp-block-list\"><li>weitere\nBeispiele: Elektroautos, Smarthouse, Stra\u00dfenlaternen, Smartwatch<a href=\"#_ftn2\">[2]<\/a><\/li><\/ul>\n\n\n\n<h1 class=\"wp-block-heading\">Ziel des IoT:<\/h1>\n\n\n\n<p>Das Bestreben des\nInternets ist es, die virtuelle Welt mit der realen Welt zu verbinden, um\nfolgende Dinge zu gew\u00e4hrleisten:<\/p>\n\n\n\n<ul class=\"wp-block-list\"><li>Sicherheit<\/li><li>Einfachheit<\/li><li>\u00d6konomie<\/li><\/ul>\n\n\n\n<h1 class=\"wp-block-heading\">Keine Zukunftsmusik \u2013 durch neue Technologien:<\/h1>\n\n\n\n<ul class=\"wp-block-list\"><li>RFID\n(radio-frequency-identification)<\/li><\/ul>\n\n\n\n<p>Ein RFID Code Chip wird\nan unterschiedlichen Gegenst\u00e4nden montiert. Er gibt den Dingen eine eigene\nIdentit\u00e4t. Jener kann mit einem Ged\u00e4chtnis verglichen werden, das\nEntscheidungen treffen kann. S\u00e4mtliche Daten k\u00f6nnen in Millisekunden\nverarbeitet werden und die Resultate mit einem Steuerungs- und Handlungsauftrag\nper Feedback-Schleife in unsere Welt zur\u00fcckspielen. Es bildet sich eine\nsogenannte <em>Schwarmintelligenz<\/em>.<\/p>\n\n\n\n<p>Fraglich:<\/p>\n\n\n\n<ul class=\"wp-block-list\"><li>Konzerne\n&#8211; Arbeitspl\u00e4tze<\/li><li>Datenschutz\n(Optimierung, Analyse) \u2013 Hacker<\/li><li>Transparenz<\/li><\/ul>\n\n\n\n<h1 class=\"wp-block-heading\">Offene Werkstatt: \u201eDas Internet der Dinge \u2013 die n\u00e4chste digitale Revolution.\u201c <a href=\"#_ftn3\"><strong>[<\/strong><\/a><\/h1>\n\n\n\n<ul class=\"wp-block-list\"><li>Wie ver\u00e4ndert sich k\u00fcnstliche Intelligenz\n(\u201eSMARTE\u201c Dinge) unser Leben?<\/li><li>Wie gehen wir damit um?<\/li><\/ul>\n\n\n\n<h2 class=\"wp-block-heading\">Herausforderungen den Firmen<\/h2>\n\n\n\n<ul class=\"wp-block-list\"><li>Ver\u00e4nderung der Gesch\u00e4ftsmodelle<ul><li>Produkte verlieren ihren Wert <\/li><\/ul><ul><li>Gewonnene Daten gewinnen Wert <\/li><\/ul><ul><li>man zahlt f\u00fcr Services und Anwendungen <ul><li>Geld\nflie\u00dft erst sp\u00e4ter, nicht bei der Anschaffung des Produktes <br>\n(z.B. Microsoft Office)<\/li><\/ul><\/li><\/ul><\/li><li>Auswirklungen<ul><li>im Unternehmen<ul><li>Entfall\nder Arbeitspl\u00e4tze die Maschinen \u00fcbernehmen k\u00f6nnen<\/li><\/ul><ul><li>Entstehen\nvon neuen Arbeitspl\u00e4tzen (allerdings im IT) <\/li><\/ul><ul><li>Rollenver\u00e4nderungen<\/li><\/ul><ul><li>Wandel\nder Kultur<\/li><\/ul><ul><li>Kreativit\u00e4t\nals Kernkompetenz<\/li><\/ul><\/li><\/ul><ul><li>im privaten Alltag<ul><li>Nutzung\n\u201edigitaler Assistenz\u201c <br>\n(z.B. Navi, Alexa,..)<\/li><\/ul><ul><li>Service-\nOrientierung<br>\n(z.B. Drive Now, Word,&#8230; )<\/li><\/ul><ul><li>\u201eDigitale\u201c\nKulturen<\/li><\/ul><ul><li>Denkweisen\nver\u00e4ndern sich <\/li><\/ul><ul><li>Menschen\nwerden transparenter durch Infofreigabe<\/li><\/ul><\/li><\/ul><\/li><\/ul>\n\n\n\n<h2 class=\"wp-block-heading\"><strong>Potenzial<\/strong><\/h2>\n\n\n\n<p>Sensoren sollen f\u00fcr die Umwelt entwickelt\nwerden , um mehr Informationen (Daten) \u00fcber die Umwelt zu erfahren die dann\nverarbeitet werden sollen.<\/p>\n\n\n\n<p>(Gebiet = smart Environment \u2013\n\u00dcberwachungen von nat\u00fcrlichen Ressourcen)<\/p>\n\n\n\n<p>Bis 2020 \u00e0 ca. 20 Milliarden Ger\u00e4te am Markt <\/p>\n\n\n\n<h2 class=\"wp-block-heading\">Sicherheitsrisiken<\/h2>\n\n\n\n<p>Daten sollen anonymisiert erhoben werden und die\nUnternehmen m\u00fcssen sich mit Risikomanagement im Bereich der IT besch\u00e4ftigen, um\nden Endkunden eine Sicherheit bieten zu k\u00f6nnen.<\/p>\n\n\n\n<h2 class=\"wp-block-heading\">Neue Bildungsaufgabe<\/h2>\n\n\n\n<p>Wir m\u00fcssen uns mit den neuen Technologien besch\u00e4ftigen,\nwobei&nbsp; ebenso das lebenslange Lernen\nangesprochen wird. <br>\n&#8211; Mit neuem experimentieren\/ selbst Erfahrungen damit machen\/ nicht nur\nErwartungen stellen<br>\n&#8211; keine Beschwerden dar\u00fcber das wir mit dem neuen nicht klar kommen\/ nicht\nauskennen<\/p>\n\n\n\n<h1 class=\"wp-block-heading\">Diskussionen<\/h1>\n\n\n\n<h2 class=\"wp-block-heading\">Entsteht durch die Vernetzung (Zust\u00e4ndigkeit eines Produktes f\u00fcr mehrere\nZwecke) eine gewisse Abh\u00e4ngigkeit?<\/h2>\n\n\n\n<p>Im Gro\u00dfen und Ganzen bestand die Antwort darin, dass dies\nbewusst so von Unternehmen gew\u00e4hlt wird, da sie so mehr Dinge ihrer Marke\nverkaufen (entscheidet man sich f\u00fcr eine Samsung Linie \u2013 ist diese auch nur mit\nanderen Samsung Produkten kompatibel).<\/p>\n\n\n\n<h2 class=\"wp-block-heading\">Eine weitere Feststellung ergab sich durch die Behauptung, dass zuk\u00fcnftig\nQualit\u00e4tsmanagement 4.0 und Ausbildung 4.0 auf uns zukommt, da komplette\nAusbildungsberufe, durch die Digitalisierung neu definiert werden m\u00fcssen.<\/h2>\n\n\n\n<p>Kommentiert wurde diese Aussage damit, dass es\nunterschiedliche Konzepte ben\u00f6tigt, die schon in der schulischen Ausbildung\ndurchgef\u00fchrt werden sollen. Dies ist ein langer Prozess, welcher bis zu 3\nJahrzehnte hinweg dauern kann und&nbsp;\nZielorientiert, jedoch nicht \u00fcbereilig, angegangen werden muss\n(Geschichte: Tesla verwechselt LKW mit ein St\u00fcck Himmel oder selbstfahrendes\nAuto, welches Fu\u00dfg\u00e4nger nicht erkannte, darf nicht passieren).<br><\/p>\n\n\n\n<h1 class=\"wp-block-heading\">Wir hacken Deutschland<\/h1>\n\n\n\n<p>In der Dokumentation des ARD\nwird die digitale Sicherheit in Frage gestellt\u2026<\/p>\n\n\n\n<p>Verbirgt sich hinter der\nDigitalisierung in Verbindung mit Smart-Homes, digitaler Infrastruktur,\nvernetzter Energieversorgung oder Smart Meters neben der automatisierten und\nfernsteuerbaren M\u00f6glichkeit in der Handhabung nicht unsere Angreifbarkeit?\nAlles was digital vernetzt und gesteuert werden kann von nun an auch\nangegriffen bzw. gehakt werden\u2026<\/p>\n\n\n\n<p>In der Dokumentation zeigte\nman anhand eines Hotels, das Temperaturen des Tiefk\u00fchlers, Gl\u00fchbirnen, T\u00fcren\nund Fenster oder auch Alarmanlagen vernetzt und \u00fcber Smart-Phones steuerbar\nsind. Tats\u00e4chlich ist es so, dass dies das Hotel angreifbar gemacht hat. Bei\neinem Versuch in das Hotel einzubrechen, konnte innerhalb k\u00fcrzester Zeit die\nVerschl\u00fcsselung \u00fcber die zwar gesicherte, jedoch leicht zu knackende Smart-Gl\u00fchbirne\nund somit die mit dem Netz verbundene T\u00fcre und Alarmanlage geknackt werden. Eine\nM\u00f6glichkeit dies zu tun, ist der Einsatz von Drohnen, die einfach \u00fcber das\nHotel fliegen und so an Daten kommen. So sieht man, dass Smart-Homes bzw. in\ndiesem Fall das Hotel durch mehrere Verbindungen \u00fcber einen einfachen Zugang\n(\u00fcber die Gl\u00fchbirne) vollst\u00e4ndig gehackt werden kann.<\/p>\n\n\n\n<ul class=\"wp-block-list\"><li>Ist\nuns dieser Automatismus und die Fernsteuerbarkeit wirklich wichtiger als unsere\nSicherheit vor solchen Angriffen?<\/li><\/ul>\n\n\n\n<p>In der Ukraine ist die\nDigitalisierung noch nicht soweit vorangeschritten, wie beispielswiese in\nwestlicheren Teilen in Europa. Umso h\u00e4ufiger wird sie Opfer von digitalen\nAngriffen, was uns nur noch mehr zeigen soll, wie einfach es sein kann z.B.\nStromversorgungen ganzer St\u00e4dte oder L\u00e4nder zu haken, an ihre Daten zu kommen\noder diese zu steuern.<\/p>\n\n\n\n<ul class=\"wp-block-list\"><li>K\u00f6nnen\nuns unsere heimischen Stromversorger also Sicherheit versprechen?<\/li><\/ul>\n\n\n\n<p>Ein weiteres Beispiel hierzu\nwar das Blackout in Teilen Europas im Jahre 2006. Eine planm\u00e4\u00dfige Abschaltung\nvon zwei Hochspannungsleitungen sorgte so f\u00fcr Stromausfall in mehreren Teilen\nEuropas. <br>\nMit den richtigen Codes und Hackern ist es also m\u00f6glich nicht nur einzelne\nPersonen oder Haushalte, sondern fast ganze Kontinente zu hacken.<\/p>\n\n\n\n<ul class=\"wp-block-list\"><li>Bleibt\ndiese Ungewissheit st\u00e4ndiger Belgleiter der Digitalisierung und Vernetzung der\nheutigen Zeit?<\/li><li>Ist\ndas wirklich unsere Vorstellung der modernen Zeit? <\/li><\/ul>\n\n\n\n<p>Auch in Deutschland zeigten Hacker\nwie sie durch falsche Passworteingaben und dann Neueinstellungen Windr\u00e4der\nhacken konnten. <\/p>\n\n\n\n<ul class=\"wp-block-list\"><li>Wie\nkann das m\u00f6glich sein?<\/li><li>Wieso\nwird die Stromversorgung nicht besser verschl\u00fcsselt<\/li><li>Welche\nAuswirkungen k\u00f6nnen so ein Hack auf die Bev\u00f6lkerung haben?<\/li><\/ul>\n\n\n\n<p>Worin Spanien Deutschland um\nJahre voraus ist \u2013 die Smart-Meters. Strom, das mit dem direkten Stromversorger\nvernetzt ist und digital Verbrauche analysiert und registriert. Durch diese\nSmart-Meter k\u00f6nnen die Produktion sowie Lieferung des Stroms optimiert werden. <br>\nIn Spanien Alltag, in Deutschland noch in Planung. Die Smart-Meters befinden\nsich hier noch in ihrer Planungs- und Bauphase und wiesen bereits\nSicherheitsl\u00fccken auf. Dennoch ist es in Zukunft fl\u00e4chendeckend geplant die\nStromversorgung zu digitalisieren. Wie bereits gesagt, sobald ein System im\nNetzt ist, ist es vor Hack-Angriffen nicht mehr gesch\u00fctzt.<\/p>\n\n\n\n<ul class=\"wp-block-list\"><li>Und\nwer soll am Ende f\u00fcr etwaige Sch\u00e4den oder Angriffen haften? <\/li><li>Wie\nk\u00f6nnen wir uns davor sch\u00fctzen? <\/li><\/ul>\n\n\n\n<p>Fragen auf die wir nach wie\nvor nach Antworten suchen. Fragen, die uns die Zukunft, Technik und der Staat\nhoffentlich bald beantworten k\u00f6nnen.<\/p>\n\n\n\n<figure class=\"wp-block-embed is-type-rich is-provider-seminarblog\"><div class=\"wp-block-embed__wrapper\">\nhttp:\/\/podcampus.phwien.ac.at\/digimed\/2018\/12\/05\/internet-der-dinge\n<\/div><\/figure>\n\n\n\n<figure class=\"wp-block-embed is-type-rich is-provider-seminarblog\"><div class=\"wp-block-embed__wrapper\">\nhttp:\/\/podcampus.phwien.ac.at\/digimed\/2018\/12\/06\/internet-der-dinge-2-fortsetzung\/\n<\/div><\/figure>\n\n\n\n<hr class=\"wp-block-separator\" \/>\n\n\n\n<p><a href=\"#_ftnref1\">[1]<\/a> <a href=\"https:\/\/www.austrian-standards.at\/infopedia-themencenter\/infopedia-artikel\/internet-der-dinge-iot\/\">https:\/\/www.austrian-standards.at\/infopedia-themencenter\/infopedia-artikel\/internet-der-dinge-iot\/<\/a><\/p>\n\n\n\n<p><a href=\"#_ftnref2\">[2]<\/a> <a href=\"https:\/\/derstandard.at\/2000067809433\/Regeln-fuer-die-total-vernetzte-Welt-gesucht\">https:\/\/derstandard.at\/2000067809433\/Regeln-fuer-die-total-vernetzte-Welt-gesucht<\/a><\/p>\n\n\n\n<p><a href=\"#_ftnref3\">[3]<\/a>\nhttps:\/\/www.youtube.com\/watch?v=byGnESGnwcM<\/p>\n","protected":false},"excerpt":{"rendered":"<p>(c) Patricia Cihlar, Martina Nica, Kathrin Loslo, Glatz Barbara Definition Im Jahr 1999 wurde der Begriff erstmals von Kevin Ashton erw\u00e4hnt. Um die Jahrtausendwende begann, wegen der Verbreitung von WLAN und Bluetooth, die erste Phase der &#8222;Vernetzung von Werkzeug, und <span class=\"readmore\"><a href=\"https:\/\/digimed.phwien.ac.at\/?p=2578\">Continue Reading<\/a><\/span><\/p>\n","protected":false},"author":17,"featured_media":0,"comment_status":"closed","ping_status":"open","sticky":false,"template":"","format":"standard","meta":{"footnotes":""},"categories":[24],"tags":[152,177,179,311,313,349],"class_list":["post-2578","post","type-post","status-publish","format-standard","hentry","category-tagebuch","tag-geraete","tag-internet-der-dinge","tag-iot","tag-smart","tag-smart-home","tag-technik"],"_links":{"self":[{"href":"https:\/\/digimed.phwien.ac.at\/index.php?rest_route=\/wp\/v2\/posts\/2578","targetHints":{"allow":["GET"]}}],"collection":[{"href":"https:\/\/digimed.phwien.ac.at\/index.php?rest_route=\/wp\/v2\/posts"}],"about":[{"href":"https:\/\/digimed.phwien.ac.at\/index.php?rest_route=\/wp\/v2\/types\/post"}],"author":[{"embeddable":true,"href":"https:\/\/digimed.phwien.ac.at\/index.php?rest_route=\/wp\/v2\/users\/17"}],"replies":[{"embeddable":true,"href":"https:\/\/digimed.phwien.ac.at\/index.php?rest_route=%2Fwp%2Fv2%2Fcomments&post=2578"}],"version-history":[{"count":0,"href":"https:\/\/digimed.phwien.ac.at\/index.php?rest_route=\/wp\/v2\/posts\/2578\/revisions"}],"wp:attachment":[{"href":"https:\/\/digimed.phwien.ac.at\/index.php?rest_route=%2Fwp%2Fv2%2Fmedia&parent=2578"}],"wp:term":[{"taxonomy":"category","embeddable":true,"href":"https:\/\/digimed.phwien.ac.at\/index.php?rest_route=%2Fwp%2Fv2%2Fcategories&post=2578"},{"taxonomy":"post_tag","embeddable":true,"href":"https:\/\/digimed.phwien.ac.at\/index.php?rest_route=%2Fwp%2Fv2%2Ftags&post=2578"}],"curies":[{"name":"wp","href":"https:\/\/api.w.org\/{rel}","templated":true}]}}