{"id":271,"date":"2013-11-25T13:22:31","date_gmt":"2013-11-25T11:22:31","guid":{"rendered":"http:\/\/podcampus.phwien.ac.at\/digimed\/?p=271"},"modified":"2013-11-25T13:22:31","modified_gmt":"2013-11-25T11:22:31","slug":"wann-und-wie-darf-ich-schulerfotos-veroffentlichen","status":"publish","type":"post","link":"https:\/\/digimed.phwien.ac.at\/?p=271","title":{"rendered":"Wann und wie darf ich Sch\u00fclerfotos ver\u00f6ffentlichen?"},"content":{"rendered":"<p><strong><span class=\"standard\">&#8222;Auch die Ver\u00f6ffentlichung von Sch\u00fcler-\/Studentendaten bedarf der Zustimmung durch den Betroffenen &#8211; bei minderj\u00e4hrigen Sch\u00fclern kann diese Zustimmung ersatzweise durch die Erziehungsberechtigten erfolgen &#8211; Sch\u00fclerfotos unterliegen zus\u00e4tzlich Urheberrechtsbeschr\u00e4nkungen &#8211; Erleichterte Kommunikation ist kein ausreichender Grund zur Ver\u00f6ffentlichung pers\u00f6nlicher Daten und Bilder &#8220; (siehe ARGE Daten\u00a0\u00a0\u00a0<a href=\"http:\/\/www2.argedaten.at\/php\/cms_monitor.php?q=PUB-TEXT-ARGEDATEN&amp;s=35049aac\" target=\"_blank\" rel=\"noopener noreferrer\">http:\/\/www2.argedaten.at\/php\/cms_monitor.php?q=PUB-TEXT-ARGEDATEN&amp;s=35049aac<\/a><\/span><br \/>\n<\/strong><\/p>\n<p>von: Hannah M\u00fchlhofer, Julia Teubel, Monika Reithmayr<\/p>\n<p>&nbsp;<\/p>\n","protected":false},"excerpt":{"rendered":"<p>&#8222;Auch die Ver\u00f6ffentlichung von Sch\u00fcler-\/Studentendaten bedarf der Zustimmung durch den Betroffenen &#8211; bei minderj\u00e4hrigen Sch\u00fclern kann diese Zustimmung ersatzweise durch die Erziehungsberechtigten erfolgen &#8211; Sch\u00fclerfotos unterliegen zus\u00e4tzlich Urheberrechtsbeschr\u00e4nkungen &#8211; Erleichterte Kommunikation ist kein ausreichender Grund zur Ver\u00f6ffentlichung pers\u00f6nlicher Daten und <span class=\"readmore\"><a href=\"https:\/\/digimed.phwien.ac.at\/?p=271\">Continue Reading<\/a><\/span><\/p>\n","protected":false},"author":5,"featured_media":0,"comment_status":"open","ping_status":"open","sticky":false,"template":"","format":"standard","meta":{"footnotes":""},"categories":[4],"tags":[366],"class_list":["post-271","post","type-post","status-publish","format-standard","hentry","category-gesetze","tag-urheberrecht"],"_links":{"self":[{"href":"https:\/\/digimed.phwien.ac.at\/index.php?rest_route=\/wp\/v2\/posts\/271","targetHints":{"allow":["GET"]}}],"collection":[{"href":"https:\/\/digimed.phwien.ac.at\/index.php?rest_route=\/wp\/v2\/posts"}],"about":[{"href":"https:\/\/digimed.phwien.ac.at\/index.php?rest_route=\/wp\/v2\/types\/post"}],"author":[{"embeddable":true,"href":"https:\/\/digimed.phwien.ac.at\/index.php?rest_route=\/wp\/v2\/users\/5"}],"replies":[{"embeddable":true,"href":"https:\/\/digimed.phwien.ac.at\/index.php?rest_route=%2Fwp%2Fv2%2Fcomments&post=271"}],"version-history":[{"count":0,"href":"https:\/\/digimed.phwien.ac.at\/index.php?rest_route=\/wp\/v2\/posts\/271\/revisions"}],"wp:attachment":[{"href":"https:\/\/digimed.phwien.ac.at\/index.php?rest_route=%2Fwp%2Fv2%2Fmedia&parent=271"}],"wp:term":[{"taxonomy":"category","embeddable":true,"href":"https:\/\/digimed.phwien.ac.at\/index.php?rest_route=%2Fwp%2Fv2%2Fcategories&post=271"},{"taxonomy":"post_tag","embeddable":true,"href":"https:\/\/digimed.phwien.ac.at\/index.php?rest_route=%2Fwp%2Fv2%2Ftags&post=271"}],"curies":[{"name":"wp","href":"https:\/\/api.w.org\/{rel}","templated":true}]}}