{"id":2842,"date":"2019-04-29T15:42:53","date_gmt":"2019-04-29T13:42:53","guid":{"rendered":"http:\/\/podcampus.phwien.ac.at\/digimed\/?p=2842"},"modified":"2019-04-29T15:42:53","modified_gmt":"2019-04-29T13:42:53","slug":"ueberwachungspaket-in-oesterreich","status":"publish","type":"post","link":"https:\/\/digimed.phwien.ac.at\/?p=2842","title":{"rendered":"\u00dcberwachungspaket in \u00d6sterreich"},"content":{"rendered":"\n<p>von Stephanie B\u00fcrgmayr, Lydia Kobau, Max Pfundner, Elisabeth Reppnig<\/p>\n\n\n\n<p>Bereits im Jahr 2018 hat die \u00f6sterreichische Regierung (\u00d6VP und FP\u00d6) ein \u00dcberwachungspaket &#8211; von der Regierung &#8222;Sicherheitspaket&#8220; genannt &#8211; beschlossen (befristet f\u00fcr f\u00fcnf Jahre, Evaluierung nach drei Jahren). Einige Ma\u00dfnahmen sind schon seit letztem Jahr in Kraft. <\/p>\n\n\n\n<pre class=\"wp-block-verse\">Das \u00dcberwachungspaket umfasst unter anderem folgende Ma\u00dfnahmen:<br>- \u00dcberwachung von Messenger-Diensten (wie z B. WhatsApp, Skype) mittels Bundestrojaner<br>- Ausweitung der Video\u00fcberwachung im \u00f6ffentlichen Raum<br>- Lockerung des Briefgeheimnisses<br>- Registrierung von Prepaid-Handy-Karten<br><br><\/pre>\n\n\n\n<p>Die Ma\u00dfnahmen des \u00dcberwachungspakets sollen bei Straftaten oder bei Verdacht auf terroristische Straftaten zur Anwendung kommen. <\/p>\n\n\n\n<p>Details zu dem von der Regierung beschlossenen \u00dcberwachungspaket sind in einem <a href=\"https:\/\/www.profil.at\/oesterreich\/ueberwachungspaket-regierungsplaene-detail-9120571\">Artikel des Profils<\/a> vom 21. Februar 2018 zu lesen. <\/p>\n\n\n\n<p>Und hier noch ein weiterer Link:                                       <a href=\"https:\/\/netzpolitik.org\/2018\/lauschen-wie-noch-nie-oesterreich-beschliesst-ueberwachungspaket\/\">https:\/\/netzpolitik.org\/2018\/lauschen-wie-noch-nie-oesterreich-beschliesst-ueberwachungspaket\/<\/a> (letzter Zugriff am 29.04.2019)<\/p>\n\n\n\n<p>Die Inhalte im Detail und auch Kritikpunkte bez\u00fcglich des \u00dcberwachungspakets sind <a href=\"https:\/\/epicenter.works\/thema\/ueberwachungspaket\">hier<\/a> zu lesen. <\/p>\n\n\n\n<p><\/p>\n","protected":false},"excerpt":{"rendered":"<p>von Stephanie B\u00fcrgmayr, Lydia Kobau, Max Pfundner, Elisabeth Reppnig Bereits im Jahr 2018 hat die \u00f6sterreichische Regierung (\u00d6VP und FP\u00d6) ein \u00dcberwachungspaket &#8211; von der Regierung &#8222;Sicherheitspaket&#8220; genannt &#8211; beschlossen (befristet f\u00fcr f\u00fcnf Jahre, Evaluierung nach drei Jahren). Einige Ma\u00dfnahmen <span class=\"readmore\"><a href=\"https:\/\/digimed.phwien.ac.at\/?p=2842\">Continue Reading<\/a><\/span><\/p>\n","protected":false},"author":27,"featured_media":0,"comment_status":"open","ping_status":"open","sticky":false,"template":"","format":"standard","meta":{"footnotes":""},"categories":[39,27],"tags":[90,309,340,359,360],"class_list":["post-2842","post","type-post","status-publish","format-standard","hentry","category-ueberwachung","category-wissens-und-informationsgesellschaft","tag-bundestrojaner","tag-sicherheitspaket","tag-straftaten","tag-ueberwachung","tag-ueberwachungspaket"],"_links":{"self":[{"href":"https:\/\/digimed.phwien.ac.at\/index.php?rest_route=\/wp\/v2\/posts\/2842","targetHints":{"allow":["GET"]}}],"collection":[{"href":"https:\/\/digimed.phwien.ac.at\/index.php?rest_route=\/wp\/v2\/posts"}],"about":[{"href":"https:\/\/digimed.phwien.ac.at\/index.php?rest_route=\/wp\/v2\/types\/post"}],"author":[{"embeddable":true,"href":"https:\/\/digimed.phwien.ac.at\/index.php?rest_route=\/wp\/v2\/users\/27"}],"replies":[{"embeddable":true,"href":"https:\/\/digimed.phwien.ac.at\/index.php?rest_route=%2Fwp%2Fv2%2Fcomments&post=2842"}],"version-history":[{"count":0,"href":"https:\/\/digimed.phwien.ac.at\/index.php?rest_route=\/wp\/v2\/posts\/2842\/revisions"}],"wp:attachment":[{"href":"https:\/\/digimed.phwien.ac.at\/index.php?rest_route=%2Fwp%2Fv2%2Fmedia&parent=2842"}],"wp:term":[{"taxonomy":"category","embeddable":true,"href":"https:\/\/digimed.phwien.ac.at\/index.php?rest_route=%2Fwp%2Fv2%2Fcategories&post=2842"},{"taxonomy":"post_tag","embeddable":true,"href":"https:\/\/digimed.phwien.ac.at\/index.php?rest_route=%2Fwp%2Fv2%2Ftags&post=2842"}],"curies":[{"name":"wp","href":"https:\/\/api.w.org\/{rel}","templated":true}]}}