{"id":2858,"date":"2019-05-14T21:38:45","date_gmt":"2019-05-14T19:38:45","guid":{"rendered":"http:\/\/podcampus.phwien.ac.at\/digimed\/?p=2858"},"modified":"2019-05-14T21:38:45","modified_gmt":"2019-05-14T19:38:45","slug":"iot-schattenseiten-der-smarten-welt","status":"publish","type":"post","link":"https:\/\/digimed.phwien.ac.at\/?p=2858","title":{"rendered":"IOT: Schattenseiten der \u201esmarten\u201c Welt"},"content":{"rendered":"\n<p>Verfasst von Katharina Mayer, Josefin Schramek und Selina Hajek <\/p>\n\n\n\n<p>Wir alle kennen es, wir alle nutzen es wahrscheinlich allt\u00e4glich, auch wenn wir uns dessen vielleicht gar nicht bewusst sind: das \u201eInternet der Dinge\u201c oder kurz IoT (engl. Internet of Things). Aber was genau umfasst dieses mysteri\u00f6se \u201eInternet der Dinge\u201c \u00fcberhaupt? IoT beschreibt grunds\u00e4tzlich den selbstst\u00e4ndigen Austausch und die Kommunikation \u201esmarter\u201c Ger\u00e4te untereinander. (<a rel=\"noreferrer noopener\" aria-label=\"vgl. Neumann, 2016 (\u00f6ffnet in neuem Tab)\" href=\"https:\/\/digitaler-mittelstand.de\/trends\/ratgeber\/internet-der-dinge-eine-kurze-definition-mit-4-beispielen-20287\" target=\"_blank\">vgl. Neumann, 2016<\/a>)<\/p>\n\n\n\n<p>Im Gabler Wirtschaftslexikon wird der Begriff wie folgt\ndefiniert:<\/p>\n\n\n\n<blockquote class=\"wp-block-quote is-layout-flow wp-block-quote-is-layout-flow\"><p>\u201eInternet der Dinge bezeichnet die Vernetzung von Gegenst\u00e4nden mit dem Internet, damit diese Gegenst\u00e4nde selbstst\u00e4ndig \u00fcber das Internet kommunizieren und so verschiedene Aufgaben f\u00fcr den Besitzer erledigen k\u00f6nnen. Der Anwendungsbereich erstreckt sich dabei von einer allg. Informationsversorgung \u00fcber automatische Bestellungen bis hin zu Warn- und Notfallfunktionen.\u201c<\/p><cite> (<a href=\"https:\/\/wirtschaftslexikon.gabler.de\/definition\/internet-der-dinge-53187\/version-276282\" target=\"_blank\" rel=\"noreferrer noopener\" aria-label=\"Lackes &amp; Siepermann, 2018 (\u00f6ffnet in neuem Tab)\">Lackes &amp; Siepermann, 2018<\/a>) <\/cite><\/blockquote>\n\n\n\n<p>IoT kann mit einem gigantischen Netzwerk verglichen werden, das aus vielen unterschiedlichen Ger\u00e4ten besteht. Diese Ger\u00e4te sammeln und teilen mithilfe von Sensoren Daten \u00fcber beispielsweise das Nutzerverhalten oder die Umgebung, in welcher sie genutzt werden. (<a rel=\"noreferrer noopener\" aria-label=\"vgl. Edurika, 2018 (\u00f6ffnet in neuem Tab)\" href=\"https:\/\/www.youtube.com\/watch?v=LlhmzVL5bm8\" target=\"_blank\">vgl. Edurika, 2018<\/a>) In der heutigen Welt von Smart-Homes, welche beispielsweise selbstst\u00e4ndig die Temperatur messen, aufzeichnen und regeln, Alarmanlagen, welche per App \u00fcberwacht ein- und ausgeschalten werden, K\u00fchlschr\u00e4nken, die selber anhand der Verfallsdaten der Lebensmittel die Einkaufsliste aktualisieren (<a href=\"https:\/\/www.smart-wohnen.de\/haus-garten\/artikel\/hallo-kuehlschrank-ist-noch-milch-vorhanden\/\" target=\"_blank\" rel=\"noreferrer noopener\" aria-label=\"vgl. Sommer, o.A. (\u00f6ffnet in neuem Tab)\">vgl. Sommer, o.A.<\/a>) oder Alexa und Co, hat IoT mittlerweile Einzug in fast alle Bereiche unseres Lebens genommen, ohne dass wir uns dessen vielleicht bewusst sind.<\/p>\n\n\n\n<p>Wir haben uns bereits daran gew\u00f6hnt, an ein Leben in einer \u201esmarten\u201c Welt, in der Praktikabilit\u00e4t, Komfort und Effizienz gro\u00dfgeschrieben und Gl\u00fchbirnen mithilfe einer App ein- und ausgeschalten werden k\u00f6nnen. Doch \u201e<em>in dem Moment, in dem wir uns vernetzen, machen wir uns angreifbar.\u201c <\/em>(<a rel=\"noreferrer noopener\" aria-label=\"ARD-Alpha, 26.03.2019 (\u00f6ffnet in neuem Tab)\" href=\"https:\/\/www.youtube.com\/watch?v=xYlW39ErR1M\" target=\"_blank\">ARD-Alpha, 26.03.2019<\/a>) Auf einmal ist es m\u00f6glich, durch eine \u201esmarte\u201c Gl\u00fchbirne, in ein System eines Wohnhauses einzudringen und die Alarmanlage zu deaktivieren. Es werden also keine physischen Schl\u00f6sser mehr geknackt, sondern elektronische \u2013 ohne eine Spur zu hinterlassen. Und dies bezieht sich nur auf einen Einzelhaushalt. Wenn auf diese Art und Weise Telekommunikationsanbieter, Stromerzeuger oder gar Krankenh\u00e4user angegriffen, nimmt das Problem bereits gr\u00f6\u00dfere Dimensionen an, die man sich zum derzeitigen Zeitpunkt noch gar nicht vorstellen kann oder m\u00f6chte. (<a rel=\"noreferrer noopener\" aria-label=\"vgl. ARD-Alpha, 26.03.2019 (\u00f6ffnet in neuem Tab)\" href=\"https:\/\/www.youtube.com\/watch?v=xYlW39ErR1M\" target=\"_blank\">vgl. ARD-Alpha, 26.03.2019<\/a>)<\/p>\n\n\n\n<p class=\"has-medium-font-size\">Weitere Beitr\u00e4ge zu IoT:<\/p>\n\n\n\n<figure class=\"wp-block-embed-wordpress wp-block-embed is-type-wp-embed is-provider-seminarblog\"><div class=\"wp-block-embed__wrapper\">\nhttps:\/\/podcampus.phwien.ac.at\/digimed\/2019\/05\/16\/smarthome-genial-oder-zu-unsicher\/\n<\/div><\/figure>\n\n\n\n<figure class=\"wp-block-embed-wordpress wp-block-embed is-type-wp-embed is-provider-seminarblog\"><div class=\"wp-block-embed__wrapper\">\nhttps:\/\/podcampus.phwien.ac.at\/digimed\/2019\/05\/14\/iot-smart-meter-und-vernetzte-krankenhaeuser\/\n<\/div><\/figure>\n\n\n\n<h4 class=\"wp-block-heading\">Verweise<\/h4>\n\n\n\n<p>ARD-Alpha. (26.03.2019). <em>Wir hacken Deutschland.<\/em>\n  Von https:\/\/www.youtube.com\/watch?v=xYlW39ErR1M am 07.05.2019 abgerufen\n  (Video)<\/p>\n\n\n\n<p>Edurika. (2018). <em>Internet\n  of Things (IoT) | What is IoT | How it Works | IoT Explained | Edureka.<\/em> Von\n  https:\/\/www.youtube.com\/watch?v=LlhmzVL5bm8 am 10.05.2019 abgerufen (Video)<\/p>\n\n\n\n<p>Lackes, R., &amp;  Siepermann, M. (2018). <em>Gabler Wirtschaftslexikon<\/em>. Von Internet der   Dinge: https:\/\/wirtschaftslexikon.gabler.de\/definition\/internet-der-dinge-53187\/version-276282 am 10.05.2019 abgerufen<\/p>\n\n\n\n<p>Neumann, D. (2016). <em>Internet\n  der Dinge: Eine kurze Definition mit 4 Beispielen.<\/em> Von\n  https:\/\/digitaler-mittelstand.de\/trends\/ratgeber\/internet-der-dinge-eine-kurze-definition-mit-4-beispielen-20287\n  am 10.05.2019 abgerufen<\/p>\n\n\n\n<p>Sommer, K. (o.A.). <em>Hallo\n  K\u00fchlschrank, ist noch Milch vorhanden? .<\/em> Von\n  https:\/\/www.smart-wohnen.de\/haus-garten\/artikel\/hallo-kuehlschrank-ist-noch-milch-vorhanden\/\n  am 10.05.2019 abgerufen<\/p>\n","protected":false},"excerpt":{"rendered":"<p>\u201eInternet der Dinge bezeichnet die Vernetzung von Gegenst\u00e4nden mit dem Internet, damit diese Gegenst\u00e4nde selbstst\u00e4ndig \u00fcber das Internet kommunizieren und so verschiedene Aufgaben f\u00fcr den Besitzer erledigen k\u00f6nnen. Der Anwendungsbereich erstreckt sich dabei von einer allg. Informationsversorgung \u00fcber automatische Bestellungen bis hin zu Warn- und Notfallfunktionen.\u201c (Lackes &amp; Siepermann, 2018) <span class=\"readmore\"><a href=\"https:\/\/digimed.phwien.ac.at\/?p=2858\">Continue Reading<\/a><\/span><\/p>\n","protected":false},"author":31,"featured_media":0,"comment_status":"open","ping_status":"open","sticky":false,"template":"","format":"standard","meta":{"footnotes":""},"categories":[33,27],"tags":[66,179,383],"class_list":["post-2858","post","type-post","status-publish","format-standard","hentry","category-iot","category-wissens-und-informationsgesellschaft","tag-anwendungsgebiete-iot","tag-iot","tag-wi-ss19"],"_links":{"self":[{"href":"https:\/\/digimed.phwien.ac.at\/index.php?rest_route=\/wp\/v2\/posts\/2858","targetHints":{"allow":["GET"]}}],"collection":[{"href":"https:\/\/digimed.phwien.ac.at\/index.php?rest_route=\/wp\/v2\/posts"}],"about":[{"href":"https:\/\/digimed.phwien.ac.at\/index.php?rest_route=\/wp\/v2\/types\/post"}],"author":[{"embeddable":true,"href":"https:\/\/digimed.phwien.ac.at\/index.php?rest_route=\/wp\/v2\/users\/31"}],"replies":[{"embeddable":true,"href":"https:\/\/digimed.phwien.ac.at\/index.php?rest_route=%2Fwp%2Fv2%2Fcomments&post=2858"}],"version-history":[{"count":0,"href":"https:\/\/digimed.phwien.ac.at\/index.php?rest_route=\/wp\/v2\/posts\/2858\/revisions"}],"wp:attachment":[{"href":"https:\/\/digimed.phwien.ac.at\/index.php?rest_route=%2Fwp%2Fv2%2Fmedia&parent=2858"}],"wp:term":[{"taxonomy":"category","embeddable":true,"href":"https:\/\/digimed.phwien.ac.at\/index.php?rest_route=%2Fwp%2Fv2%2Fcategories&post=2858"},{"taxonomy":"post_tag","embeddable":true,"href":"https:\/\/digimed.phwien.ac.at\/index.php?rest_route=%2Fwp%2Fv2%2Ftags&post=2858"}],"curies":[{"name":"wp","href":"https:\/\/api.w.org\/{rel}","templated":true}]}}