{"id":2861,"date":"2019-05-14T22:13:01","date_gmt":"2019-05-14T20:13:01","guid":{"rendered":"http:\/\/podcampus.phwien.ac.at\/digimed\/?p=2861"},"modified":"2019-05-14T22:13:01","modified_gmt":"2019-05-14T20:13:01","slug":"iot-smart-meter-und-vernetzte-krankenhaeuser","status":"publish","type":"post","link":"https:\/\/digimed.phwien.ac.at\/?p=2861","title":{"rendered":"IoT: Smart Meter und vernetzte Krankenh\u00e4user"},"content":{"rendered":"\n<p class=\"has-medium-font-size\">Was w\u00e4re, wenn \u2026<\/p>\n\n\n\n<p>Verfasst von Katharina Mayer, Josefin Schramek und Selina Hajek<\/p>\n\n\n\n<p>Das Internet der Dinge hat nicht nur in unseren vier W\u00e4nden, sondern unter anderem auch in unterschiedlichen Bereichen der Infrastruktur seinen Einzug gefunden. Ein Beispiel hierf\u00fcr w\u00e4ren der sogenannte \u201eSmart Meter\u201c, welcher den traditionellen Stromz\u00e4hler ersetzen soll. Dieser soll allerdings nicht nur der Verbrauch und die Erzeugung von Strom messen und ferngesteuert eingeschalten werden k\u00f6nnen, sondern es geht prim\u00e4r um Effizienzsteigerung: Smart Meter sollen aktiv die Leistung von Stromerzeugern (z.B. Windr\u00e4dern, Solaranlange, etc.) und Verbrauchern steuern k\u00f6nnen. Das bedeutet beispielsweise, dass sie bei zu viel Strom, Verbraucher wie Waschmaschinen in Smart Homes anstellen und bei zu wenig Strom beispielsweise auf Stromreserven von E-Autos zugreifen k\u00f6nnen. (<a rel=\"noreferrer noopener\" aria-label=\"vgl. ARD-Alpha, 26.03.2019 (\u00f6ffnet in neuem Tab)\" href=\"https:\/\/www.youtube.com\/watch?v=xYlW39ErR1M\" target=\"_blank\">vgl. ARD-Alpha, 26.03.2019<\/a>)<\/p>\n\n\n\n<p>Auch in \u00d6sterreichs Haushalten sollen die Smart Meter Anwendung finden. Bis 2022 sollen 1,6 Millionen Haushalte im Versorgungsgebiet der Wiener Netze mit den neuen Z\u00e4hlern ausgestattet werden. Nutzen dieser neuen \u201esmarten\u201c Stromz\u00e4hler soll sein, dass die Kundinnen und Kunden ihren Stromverbrauch in einem Webportal \u00fcberwachen und somit einen transparenten Blick auf ihren h\u00e4uslichen Stromverbrauch haben k\u00f6nnen. Dies soll zum Stromsparen beitragen. Zus\u00e4tzlich entf\u00e4llt der j\u00e4hrliche Ablesetermin, da die Daten automatisch \u00fcbermittelt werden. Dies soll f\u00fcr mehr Komfort sorgen. Au\u00dferdem sollen Energielieferanten individuelle, auf die Kundinnen und Kunden abgestimmte Produkte anbieten k\u00f6nnen, was auch zur Reduktion von Kosten beitragen soll. Wiener Netze versprechen ihren Kundinnen und Kunden zudem auch weiterhin absolute Datensicherheit. Eine M\u00f6glichkeit der Ablehnung dieser Smart Meter gibt es \u00fcbrigens nicht. (<a href=\"https:\/\/www.wienernetze.at\/wn\/smartmeter\/smartmeter_8\/Warum_Smart_Meter.html\" target=\"_blank\" rel=\"noreferrer noopener\" aria-label=\"vgl. Wiener Netze, 2019 (\u00f6ffnet in neuem Tab)\">vgl. Wiener Netze, 2019<\/a>)<\/p>\n\n\n\n<p>In Spanien, Italien und Finnland sind Smart Meter bereits im Einsatz. Doch mit dem technischen Fortschritt, kommen auch die damit verbundenen Schattenseiten. Was w\u00e4re, wenn sich tats\u00e4chlich jemand in ein solches System einhacken w\u00fcrde, um vors\u00e4tzlich Schaden anzurichten? Diese Frage stellte sich auch der spanische Hacker Javier Vazquez Vidal. Ihm gelang es, mit nur einem Ger\u00e4t in ein solches Smart Meter-Netzwerk zu gelangen und Millionen spanischer Smart Meter zu kontrollieren. Es w\u00e4re m\u00f6glich gewesen, ein Blackout herbeizuf\u00fchren, ohne dass der T\u00e4ter r\u00fcckverfolgt werden k\u00f6nnte. (<a href=\"https:\/\/www.youtube.com\/watch?v=xYlW39ErR1M\" target=\"_blank\" rel=\"noreferrer noopener\" aria-label=\"vgl. ARD-Alpha, 26.03.2019 (\u00f6ffnet in neuem Tab)\">vgl. ARD-Alpha, 26.03.2019<\/a>)<\/p>\n\n\n\n<p>Was ein solcher Angriff auf infrastrukturelle Organe f\u00fcr Folgen haben kann, zeigte eine Cyber-Attacke auf ein Krankenhaus in Deutschland. Das voll vernetze Lukaskrankenhaus war Pionier im Bereich der Digitalisierung im medizinischen Feld. R\u00f6ntgenbilder konnten in Echtzeit auf das Tablet des Arztes \u00fcbermittelt werden und Krankenakten waren digital abgespeichert, bis es 2016 zu einer Cyber-Attacke kam. Eine aggressive Schadsoftware, welche \u00fcber einen ge\u00f6ffneten E-Mail-Anhang in das System geriet, sorgte daf\u00fcr, dass das gesamte IT-System heruntergefahren werden musste, zum Schutz der Patientendaten. Das Krankenhaus musste sich kurzzeitig von der Notfallversorgung im Rheinkreis abmelden und \u201eanalog\u201c weiterarbeiten. Es entstand ein Schaden in Millionenh\u00f6he. Im April 2019 wurde das Verfahren gegen \u201eUnbekannt\u201c eingestellt. Grund: es konnte kein T\u00e4ter gefunden werden. (<a href=\"https:\/\/rp-online.de\/nrw\/staedte\/neuss\/neuss-ermittlungen-gegen-cyber-attacke-am-lukaskrankenhaus-wurden-eingestellt_aid-38071849\" target=\"_blank\" rel=\"noreferrer noopener\" aria-label=\" (\u00f6ffnet in neuem Tab)\">vgl. NGZ Online, 2019<\/a>)<\/p>\n\n\n\n<p>Auch wenn wir gerne dar\u00fcber ins Staunen geraten, was heutzutage\nin unserer \u201esmarten\u201c Welt alles m\u00f6glich ist und welche enormen Vorteile diese M\u00f6glichkeiten\nmit sich bringen k\u00f6nnen, so sollten wir uns doch ab und an die Frage stellen \u201eWas\nw\u00e4re, wenn\u2026?\u201c.<\/p>\n\n\n\n<h4 class=\"wp-block-heading\">Verweise<\/h4>\n\n\n\n<p>ARD-Alpha. (26.03.2019). <em>Wir hacken Deutschland.<\/em>\n  Von https:\/\/www.youtube.com\/watch?v=xYlW39ErR1M am 07.05.2019 abgerufen<\/p>\n\n\n\n<p>NGZ Online. (2019). <em>Lukaskrankenhaus\n  Neuss. Ermittlungen gegen Cyber-Hacker wurden eingestellt.<\/em> Von\n  https:\/\/rp-online.de\/nrw\/staedte\/neuss\/neuss-ermittlungen-gegen-cyber-attacke-am-lukaskrankenhaus-wurden-eingestellt_aid-38071849\n  am 10.05.2019 abgerufen<\/p>\n\n\n\n<p>Wiener Netze. (2019). <em>Warum   Smart Meter?<\/em> Von   https:\/\/www.wienernetze.at\/wn\/smartmeter\/smartmeter_8\/Warum_Smart_Meter.html   am 10.05.2019 abgerufen<\/p>\n","protected":false},"excerpt":{"rendered":"<p>Was w\u00e4re, wenn \u2026 Verfasst von Katharina Mayer, Josefin Schramek und Selina Hajek Das Internet der Dinge hat nicht nur in unseren vier W\u00e4nden, sondern unter anderem auch in unterschiedlichen Bereichen der Infrastruktur seinen Einzug gefunden. Ein Beispiel hierf\u00fcr w\u00e4ren <span class=\"readmore\"><a href=\"https:\/\/digimed.phwien.ac.at\/?p=2861\">Continue Reading<\/a><\/span><\/p>\n","protected":false},"author":31,"featured_media":0,"comment_status":"open","ping_status":"open","sticky":false,"template":"","format":"standard","meta":{"footnotes":""},"categories":[33,27],"tags":[179,313,314],"class_list":["post-2861","post","type-post","status-publish","format-standard","hentry","category-iot","category-wissens-und-informationsgesellschaft","tag-iot","tag-smart-home","tag-smart-metering"],"_links":{"self":[{"href":"https:\/\/digimed.phwien.ac.at\/index.php?rest_route=\/wp\/v2\/posts\/2861","targetHints":{"allow":["GET"]}}],"collection":[{"href":"https:\/\/digimed.phwien.ac.at\/index.php?rest_route=\/wp\/v2\/posts"}],"about":[{"href":"https:\/\/digimed.phwien.ac.at\/index.php?rest_route=\/wp\/v2\/types\/post"}],"author":[{"embeddable":true,"href":"https:\/\/digimed.phwien.ac.at\/index.php?rest_route=\/wp\/v2\/users\/31"}],"replies":[{"embeddable":true,"href":"https:\/\/digimed.phwien.ac.at\/index.php?rest_route=%2Fwp%2Fv2%2Fcomments&post=2861"}],"version-history":[{"count":0,"href":"https:\/\/digimed.phwien.ac.at\/index.php?rest_route=\/wp\/v2\/posts\/2861\/revisions"}],"wp:attachment":[{"href":"https:\/\/digimed.phwien.ac.at\/index.php?rest_route=%2Fwp%2Fv2%2Fmedia&parent=2861"}],"wp:term":[{"taxonomy":"category","embeddable":true,"href":"https:\/\/digimed.phwien.ac.at\/index.php?rest_route=%2Fwp%2Fv2%2Fcategories&post=2861"},{"taxonomy":"post_tag","embeddable":true,"href":"https:\/\/digimed.phwien.ac.at\/index.php?rest_route=%2Fwp%2Fv2%2Ftags&post=2861"}],"curies":[{"name":"wp","href":"https:\/\/api.w.org\/{rel}","templated":true}]}}