{"id":2904,"date":"2019-06-17T14:06:11","date_gmt":"2019-06-17T12:06:11","guid":{"rendered":"http:\/\/podcampus.phwien.ac.at\/digimed\/?p=2904"},"modified":"2019-06-17T14:06:11","modified_gmt":"2019-06-17T12:06:11","slug":"aufgeben-von-freiheit-gewinnen-von-sicherheit-pro-und-kontra-der-stetig-wachsenden-medialen-ueberwachung","status":"publish","type":"post","link":"https:\/\/digimed.phwien.ac.at\/?p=2904","title":{"rendered":"Aufgeben von Freiheit \u2013 Gewinnen von Sicherheit \u2013 Pro und Kontra der stetig wachsenden medialen \u00dcberwachung"},"content":{"rendered":"\n<p>Der digitale Schatten ist viel gr\u00f6\u00dfer als unser Selbst. Uns ist noch nicht bewusst, was wir mit einem Klick im Internet alles an Informationen abgeben.&nbsp;<\/p>\n\n\n\n<p>F\u00fcr die Menschen, die die \u00dcberwachung leiten gilt nur eines: Sammeln, speichern und auswerten. Wir sind nicht mehr die Kunden, sondern wir sind die Ware. Wir sind Daten. Daten die auf dem Warenmarkt hin und hergeschoben werden. Wir sind uns \u00fcber die Konsequenzen nicht im Klaren. Suchchroniken werden von Google genau aufgezeichnet und gespeichert. Unternehmen, wie Google, wissen also mehr \u00fcber uns wie wir es tun. Sie wissen ganz genau, nach welchen Themen man die letzten zehn Jahre im Internet gesucht hat. Wo wir uns aufgehalten haben und was wir konsumiert haben. All unsere Aktionen, Bewegungen, Meinungen und Suchbegriffe tragen eine unausl\u00f6schliche Spur nach sich. So bilden sie sich ein Bild von uns. Ein Bild, das gespeichert und archiviert wird.&nbsp;<\/p>\n\n\n\n<p>Haben wir B\u00fcrger einen Rechtsanspruch gegen Google? Die bisherige EU-Datenschutzrichtlinie stammt noch aus dem Jahre 1995. Damals steckte das Internet noch in seinen Kinderschuhen. Wir m\u00fcssen uns zwingend darum k\u00fcmmern, wie wir ein Recht auf Autonomie und Selbstbestimmung unserer digitalen Pers\u00f6nlichkeit durchsetzen k\u00f6nnen.&nbsp;<\/p>\n\n\n\n<p>Gibt es denn \u00fcberhaupt eine positive Seite der \u00dcberwachung?&nbsp;<\/p>\n\n\n\n<p>Bei Sicherheit denken wir immer mehr an \u00dcberwachung. Der Begriff \u201eSicherheit\u201c (Soziologie) ist der zurzeit am h\u00e4ufigsten verwendete Begriff auf unserer Erde und dennoch ist es auch der am \u201eschwammigsten\u201c definierteste Begriff.<\/p>\n\n\n\n<p>\u00dcberwachungskameras werden immer h\u00e4ufiger verwendet und geben der Gesellschaft und den Leuten eine gewisse Sicherheit. Sie dienen in \u00f6ffentlichen Pl\u00e4tzen der Sicherheit und k\u00f6nnen gegen m\u00f6glichen Diebstahl oder Terroranschl\u00e4gen helfen. Es ist eine Pr\u00e4ventionsma\u00dfnahme gegen Straftaten und kann Kleinkriminell abschrecken. Weiters kann es der Justiz helfen Straft\u00e4ter zu finden und diese dann auch aufzusp\u00fcren. Au\u00dferdem kann gegen Vandalismus in den \u00f6ffentlichen Verkehrsmitteln &#8211; wie z.B. Graffitis an den U-Bahnen- nachgegangen&nbsp;&nbsp;werden.&nbsp;<\/p>\n\n\n\n<p style=\"text-align:center\"><strong><em>Kann \u00dcberwachung eines Tages \u00fcberhand nehmen?<\/em><\/strong><\/p>\n\n\n\n<p>Links: <\/p>\n\n\n\n<p><a href=\"https:\/\/www.faz.net\/aktuell\/wirtschaft\/infografik-chinas-sozialkredit-system-15913709.html\">https:\/\/www.faz.net\/aktuell\/wirtschaft\/infografik-chinas-sozialkredit-system-15913709.html<\/a><\/p>\n\n\n\n<p><a href=\"https:\/\/diepresse.com\/home\/techscience\/5435475\/Alexa-verschickt-Privatgespraech-an-Arbeitskollegen\">https:\/\/diepresse.com\/home\/techscience\/5435475\/Alexa-verschickt-Privatgespraech-an-Arbeitskollegen<\/a><\/p>\n\n\n\n<p><a href=\"https:\/\/diepresse.com\/home\/techscience\/5610893\/AmazonMitarbeiter-lauschen-AlexaGespraechen\">https:\/\/diepresse.com\/home\/techscience\/5610893\/AmazonMitarbeiter-lauschen-AlexaGespraechen<\/a><\/p>\n\n\n\n<p><a href=\"https:\/\/www.faz.net\/aktuell\/wirtschaft\/diginomics\/geheimdienste-wollen-alexa-offenbar-zur-ueberwachung-nutzen-16136726.html\">https:\/\/www.faz.net\/aktuell\/wirtschaft\/diginomics\/geheimdienste-wollen-alexa-offenbar-zur-ueberwachung-nutzen-16136726.html<\/a><\/p>\n\n\n\n<figure class=\"wp-block-embed-youtube wp-block-embed is-type-video is-provider-youtube wp-embed-aspect-16-9 wp-has-aspect-ratio\"><div class=\"wp-block-embed__wrapper\">\n<iframe loading=\"lazy\" title=\"Baby Monitor Hacking: Man&#039;s Voice Heard Through Device in Baby&#039;s Room\" width=\"829\" height=\"466\" src=\"https:\/\/www.youtube.com\/embed\/MXIWfuakeW4?feature=oembed\" frameborder=\"0\" allow=\"accelerometer; autoplay; clipboard-write; encrypted-media; gyroscope; picture-in-picture\" allowfullscreen><\/iframe>\n<\/div><\/figure>\n\n\n\n<figure class=\"wp-block-embed-youtube wp-block-embed is-type-video is-provider-youtube wp-embed-aspect-16-9 wp-has-aspect-ratio\"><div class=\"wp-block-embed__wrapper\">\n<iframe loading=\"lazy\" title=\"\u00dcberwachung Total Arte Doku HD\" width=\"829\" height=\"466\" src=\"https:\/\/www.youtube.com\/embed\/NwNWDBVoZA4?feature=oembed\" frameborder=\"0\" allow=\"accelerometer; autoplay; clipboard-write; encrypted-media; gyroscope; picture-in-picture\" allowfullscreen><\/iframe>\n<\/div><\/figure>\n\n\n\n<p><a href=\"https:\/\/www.spiegel.de\/lebenundlernen\/schule\/duesseldorf-grundschullehrer-schreiben-zeugnisse-wieder-per-hand-a-1215097.html\">https:\/\/www.spiegel.de\/lebenundlernen\/schule\/duesseldorf-grundschullehrer-schreiben-zeugnisse-wieder-per-hand-a-1215097.html<\/a><\/p>\n\n\n\n<p><a href=\"https:\/\/mobil.derstandard.at\/2000102393121\/Neuer-joe-Kundenklub-von-Rewe-gestartet-Datenschuetzer-skeptisch?utm_term=Autofeed&amp;utm_medium=Social&amp;utm_source=Facebook&amp;fbclid=IwAR33b5INTVzsyyEq4HtgcYfVlfCskW8pvwyR7cHxBoa9g0xUvvWDdLGdxCk#Echobox=1556865415\">https:\/\/mobil.derstandard.at\/2000102393121\/Neuer-joe-Kundenklub-von-Rewe-gestartet-Datenschuetzer-skeptisch?utm_term=Autofeed&amp;utm_medium=Social&amp;utm_source=Facebook&amp;fbclid=IwAR33b5INTVzsyyEq4HtgcYfVlfCskW8pvwyR7cHxBoa9g0xUvvWDdLGdxCk#Echobox=1556865415<\/a><\/p>\n\n\n\n<p>Lisa Schmerlaib, Lisa Cesnik, Theresa Gerbeth, , Lukas Schneider, Georg Klinger<\/p>\n","protected":false},"excerpt":{"rendered":"<p>Der digitale Schatten ist viel gr\u00f6\u00dfer als unser Selbst. Uns ist noch nicht bewusst, was wir mit einem Klick im Internet alles an Informationen abgeben.&nbsp; F\u00fcr die Menschen, die die \u00dcberwachung leiten gilt nur eines: Sammeln, speichern und auswerten. Wir <span class=\"readmore\"><a href=\"https:\/\/digimed.phwien.ac.at\/?p=2904\">Continue Reading<\/a><\/span><\/p>\n","protected":false},"author":35,"featured_media":2903,"comment_status":"open","ping_status":"open","sticky":false,"template":"","format":"standard","meta":{"footnotes":""},"categories":[32,39,27],"tags":[158,176,221,308,359],"class_list":["post-2904","post","type-post","status-publish","format-standard","has-post-thumbnail","hentry","category-google","category-ueberwachung","category-wissens-und-informationsgesellschaft","tag-google","tag-internet","tag-macht","tag-sicherheit","tag-ueberwachung"],"_links":{"self":[{"href":"https:\/\/digimed.phwien.ac.at\/index.php?rest_route=\/wp\/v2\/posts\/2904","targetHints":{"allow":["GET"]}}],"collection":[{"href":"https:\/\/digimed.phwien.ac.at\/index.php?rest_route=\/wp\/v2\/posts"}],"about":[{"href":"https:\/\/digimed.phwien.ac.at\/index.php?rest_route=\/wp\/v2\/types\/post"}],"author":[{"embeddable":true,"href":"https:\/\/digimed.phwien.ac.at\/index.php?rest_route=\/wp\/v2\/users\/35"}],"replies":[{"embeddable":true,"href":"https:\/\/digimed.phwien.ac.at\/index.php?rest_route=%2Fwp%2Fv2%2Fcomments&post=2904"}],"version-history":[{"count":0,"href":"https:\/\/digimed.phwien.ac.at\/index.php?rest_route=\/wp\/v2\/posts\/2904\/revisions"}],"wp:featuredmedia":[{"embeddable":true,"href":"https:\/\/digimed.phwien.ac.at\/index.php?rest_route=\/wp\/v2\/media\/2903"}],"wp:attachment":[{"href":"https:\/\/digimed.phwien.ac.at\/index.php?rest_route=%2Fwp%2Fv2%2Fmedia&parent=2904"}],"wp:term":[{"taxonomy":"category","embeddable":true,"href":"https:\/\/digimed.phwien.ac.at\/index.php?rest_route=%2Fwp%2Fv2%2Fcategories&post=2904"},{"taxonomy":"post_tag","embeddable":true,"href":"https:\/\/digimed.phwien.ac.at\/index.php?rest_route=%2Fwp%2Fv2%2Ftags&post=2904"}],"curies":[{"name":"wp","href":"https:\/\/api.w.org\/{rel}","templated":true}]}}