{"id":2937,"date":"2019-08-28T17:06:44","date_gmt":"2019-08-28T15:06:44","guid":{"rendered":"http:\/\/podcampus.phwien.ac.at\/digimed\/?p=2937"},"modified":"2019-08-28T17:06:44","modified_gmt":"2019-08-28T15:06:44","slug":"wien-nur-du-allein","status":"publish","type":"post","link":"https:\/\/digimed.phwien.ac.at\/?p=2937","title":{"rendered":"Wien, nur du allein!"},"content":{"rendered":"\n<p>Im Sommersemester des Schuljahres 2018\/2019 besch\u00e4ftigten sich die 1b der PVS Maurer Lange Gasse und die 3c der GTVS Europaschule mit einer der sch\u00f6nsten Hauptst\u00e4dte der Welt \u2013 Wien.<\/p>\n\n\n\n<p>Wien, Be\u010ds, Vienna, Viyana, Wiede\u0144, Vienne, \u0412\u0435\u0301\u043d\u0430, \u7ef4\u6069 oder einfach die lebenswerteste Stadt der Welt zum zehnten Mal in Folge laut der j\u00fcngsten Mercer-Studie<a href=\"#sdfootnote1sym\"><sup>1<\/sup><\/a>.<\/p>\n\n\n\n<p>Kein Wunder also, wenn Wien als Heimatstadt ein beliebtes Thema in der Volksschule ist. Herangehensweisen gibt es viele. So hat Katharina Peschta in unserem Podcast mit ihrer Klasse eruiert, welche Sehensw\u00fcrdigkeiten die Kinder der 1. Klasse kennen. Das Insider-Wissen der Sch\u00fcler_innen k\u00f6nnen sie <a href=\"https:\/\/medienarchiv.phwien.ac.at\/wien-nur-du-allein\/\">HIER<\/a> nachh\u00f6ren.<\/p>\n\n\n\n<p>Die Sch\u00fcler_innen der 3c erarbeiteten mit Miriam Kollmann die Geschichte unserer Bundeshauptstadt.  <\/p>\n\n\n\n<p>Die Zeitreise beginnt in der Steinzeit und f\u00fchrt bis zum finsteren zweiten Weltkrieg.  <\/p>\n\n\n\n<div class=\"wp-block-image\"><figure class=\"aligncenter\"><img loading=\"lazy\" decoding=\"async\" width=\"1024\" height=\"262\" src=\"http:\/\/podcampus.phwien.ac.at\/digimed\/files\/2019\/08\/20190612_114431-1024x262.jpg\" alt=\"\" class=\"wp-image-2942\" srcset=\"https:\/\/digimed.phwien.ac.at\/wp-content\/uploads\/2019\/08\/20190612_114431-1024x262.jpg 1024w, https:\/\/digimed.phwien.ac.at\/wp-content\/uploads\/2019\/08\/20190612_114431-300x77.jpg 300w, https:\/\/digimed.phwien.ac.at\/wp-content\/uploads\/2019\/08\/20190612_114431-768x197.jpg 768w\" sizes=\"auto, (max-width: 1024px) 100vw, 1024px\" \/><figcaption>Zeitstrahl der 3c in GTVS Europaschule<\/figcaption><\/figure><\/div>\n\n\n\n<p>Um auch einem kreativen Zugang Rechnung zu tragen, konnten sich die Sch\u00fcler_innen in der alten Filmtechnik Stop-Motion ausprobieren. Es entstanden viele verschiedene pers\u00f6nliche Beitr\u00e4ge zum Thema \u201eMein Wien\u201c.<\/p>\n\n\n\n<figure class=\"wp-block-video\"><video height=\"1080\" style=\"aspect-ratio: 1920 \/ 1080;\" width=\"1920\" controls src=\"http:\/\/podcampus.phwien.ac.at\/digimed\/files\/2019\/08\/Wien_Intro1.mov\"><\/video><figcaption>Wien_Intro_3c_GTVSEuropaschule<\/figcaption><\/figure>\n\n\n\n<p>Yasemin Yetgin-Isler besch\u00e4ftigte sich mit dem Thema Sagen und erstellte eine Audiodatei zur Sage &#8222;<a href=\"https:\/\/medienarchiv.phwien.ac.at\/die-spinnerin-am-kreuz\/\">Die Spinnerin am Kreuz<\/a>&#8220; zum Nachh\u00f6ren.<\/p>\n\n\n\n<figure><iframe loading=\"lazy\" src=\"https:\/\/medienarchiv.phwien.ac.at\/file_embed?file=5283\" width=\"100%\" height=\"300\"><\/iframe><\/figure>\n\n\n\n<p><a href=\"#sdfootnote1anc\">1<\/a><a href=\"https:\/\/www.derstandard.at\/story\/2000099451558\/wien-ist-zum-zehnten-mal-die-lebenswerteste-stadt-der-welt\">https:\/\/www.derstandard.at\/story\/2000099451558\/wien-ist-zum-zehnten-mal-die-lebenswerteste-stadt-der-welt<\/a><\/p>\n","protected":false},"excerpt":{"rendered":"<p>Im Sommersemester des Schuljahres 2018\/2019 besch\u00e4ftigten sich die 1b der PVS Maurer Lange Gasse und die 3c der GTVS Europaschule mit einer der sch\u00f6nsten Hauptst\u00e4dte der Welt \u2013 Wien. <span class=\"readmore\"><a href=\"https:\/\/digimed.phwien.ac.at\/?p=2937\">Continue Reading<\/a><\/span><\/p>\n","protected":false},"author":37,"featured_media":2947,"comment_status":"closed","ping_status":"open","sticky":false,"template":"","format":"standard","meta":{"footnotes":""},"categories":[2,16,24,26],"tags":[115,378,386],"class_list":["post-2937","post","type-post","status-publish","format-standard","has-post-thumbnail","hentry","category-digp","category-praxis","category-tagebuch","category-vs","tag-digp18","tag-volksschule","tag-wien"],"_links":{"self":[{"href":"https:\/\/digimed.phwien.ac.at\/index.php?rest_route=\/wp\/v2\/posts\/2937","targetHints":{"allow":["GET"]}}],"collection":[{"href":"https:\/\/digimed.phwien.ac.at\/index.php?rest_route=\/wp\/v2\/posts"}],"about":[{"href":"https:\/\/digimed.phwien.ac.at\/index.php?rest_route=\/wp\/v2\/types\/post"}],"author":[{"embeddable":true,"href":"https:\/\/digimed.phwien.ac.at\/index.php?rest_route=\/wp\/v2\/users\/37"}],"replies":[{"embeddable":true,"href":"https:\/\/digimed.phwien.ac.at\/index.php?rest_route=%2Fwp%2Fv2%2Fcomments&post=2937"}],"version-history":[{"count":0,"href":"https:\/\/digimed.phwien.ac.at\/index.php?rest_route=\/wp\/v2\/posts\/2937\/revisions"}],"wp:featuredmedia":[{"embeddable":true,"href":"https:\/\/digimed.phwien.ac.at\/index.php?rest_route=\/wp\/v2\/media\/2947"}],"wp:attachment":[{"href":"https:\/\/digimed.phwien.ac.at\/index.php?rest_route=%2Fwp%2Fv2%2Fmedia&parent=2937"}],"wp:term":[{"taxonomy":"category","embeddable":true,"href":"https:\/\/digimed.phwien.ac.at\/index.php?rest_route=%2Fwp%2Fv2%2Fcategories&post=2937"},{"taxonomy":"post_tag","embeddable":true,"href":"https:\/\/digimed.phwien.ac.at\/index.php?rest_route=%2Fwp%2Fv2%2Ftags&post=2937"}],"curies":[{"name":"wp","href":"https:\/\/api.w.org\/{rel}","templated":true}]}}