{"id":3054,"date":"2019-11-26T00:03:46","date_gmt":"2019-11-25T22:03:46","guid":{"rendered":"http:\/\/podcampus.phwien.ac.at\/digimed\/?p=3054"},"modified":"2019-11-26T00:03:46","modified_gmt":"2019-11-25T22:03:46","slug":"momo-challenge","status":"publish","type":"post","link":"https:\/\/digimed.phwien.ac.at\/?p=3054","title":{"rendered":"Momo-Challenge"},"content":{"rendered":"\n<figure class=\"wp-block-image\"><img loading=\"lazy\" decoding=\"async\" width=\"1024\" height=\"768\" src=\"https:\/\/podcampus.phwien.ac.at\/digimed\/files\/2019\/11\/momo-1024x768.jpg\" alt=\"\" class=\"wp-image-3056\" srcset=\"https:\/\/digimed.phwien.ac.at\/wp-content\/uploads\/2019\/11\/momo-1024x768.jpg 1024w, https:\/\/digimed.phwien.ac.at\/wp-content\/uploads\/2019\/11\/momo-300x225.jpg 300w, https:\/\/digimed.phwien.ac.at\/wp-content\/uploads\/2019\/11\/momo-768x576.jpg 768w, https:\/\/digimed.phwien.ac.at\/wp-content\/uploads\/2019\/11\/momo.jpg 1068w\" sizes=\"auto, (max-width: 1024px) 100vw, 1024px\" \/><figcaption>Quelle: La Nacion, <a href=\"https:\/\/www.inside-digital.de\/news\/whatsapp-momo-ministerium-warnt\">https:\/\/www.inside-digital.de\/news\/whatsapp-momo-ministerium-warnt<\/a><\/figcaption><\/figure>\n\n\n\n<p>Momo, eine Figur im Netz mit langen schwarzen Haaren, Augen, die aus dem Kopf hervorquellen und einem schmalen gro\u00dfen Mund. Vor dieser Figur wird momentan im Netz gewarnt, da sie im Internet Kinder und Jugendliche einsch\u00fcchtert und zu gef\u00e4hrlichen Dingen aufruft. Diese Gestalt kommt in YouTube Videos oder via WhatsApp mit den Jugendlichen und Kindern in Kontakt. Anf\u00e4nglich forderte sie Kinder dazu auf, sich Gruselfilme anzuschauen, sp\u00e4ter jedoch fordert sie Selbstverletzungen und am Ende sogar den Suizid. <\/p>\n\n\n\n<p>Nach Suiziden von Minderj\u00e4hrigen, wurde bereits 2018\nin den Medien von einer Momo-Challenge berichtet. Bei dieser Challenge sollte\nMomo via WhatsApp Minderj\u00e4hrige in den Suizid treiben. Durch diese Ereignisse\nwurden viele Medien aufmerksam und ebenfalls haben Schulen und Eltern versucht\nAufkl\u00e4rung zu betreiben. <\/p>\n\n\n\n<p>&#8222;Die Geschichte von Momo ist ein viraler Mythos, der \u00fcber die Medien und die sozialen Netzwerke ein immer breiteres Publikum gefunden hat&#8220;, sagt Miro Dittrich von der Amadeus Antonio Stiftung, die sich im Netz f\u00fcr die St\u00e4rkung der demokratischen Zivilgesellschaft einsetzt. <\/p>\n\n\n\n<p>Auch die Initiative Saferinternet besch\u00e4ftigt sich unter anderem mit der Momo-Challenge und versucht Aufkl\u00e4rung in den Schulen zu betreiben. Den Podcast zum Thema &#8222;Fake News&#8220; k\u00f6nnen Sie hier anh\u00f6ren: <\/p>\n\n\n\n<div class=\"wp-block-group\"><div class=\"wp-block-group__inner-container is-layout-flow wp-block-group-is-layout-flow\">\n<iframe loading=\"lazy\" src=\"https:\/\/medienarchiv.phwien.ac.at\/file_embed?file=5380\" border=\"0\" scrolling=\"no\" width=\"100%\" height=\"350\"><\/iframe>\n<\/div><\/div>\n\n\n\n<p class=\"has-text-color has-small-font-size has-very-dark-gray-color\"><br><strong>verfasst von Katrin Halwachs, Sabrina Obergriessnig, Hatidza Zukanovic <\/strong><\/p>\n\n\n\n<p class=\"has-small-font-size\"><br>Quellen:<br>Zeit online:<strong> <\/strong>Momo-Challenge. Der Horror f\u00fcr Eltern. Abrufbar unter: https:\/\/www.zeit.de\/digital\/internet\/2019-03\/momo-challenge-horrorfigur-internet-videos-kinder-suizid (25.11.2019).<br>inside-intermedia Digital GmbH: Momo bei WhatsApp. Ministerium warnt vor dem Ph\u00e4nomen. Abrufbar unter: http:\/\/ https:\/\/www.inside-digital.de\/news\/whatsapp-momo-ministerium-warnt (25.11.2019).<\/p>\n\n\n\n<p><\/p>\n","protected":false},"excerpt":{"rendered":"<p>Momo, eine Figur im Netz mit langen schwarzen Haaren, Augen, die aus dem Kopf hervorquellen und einem schmalen gro\u00dfen Mund. Vor dieser Figur wird momentan im Netz gewarnt, da sie im Internet Kinder und Jugendliche einsch\u00fcchtert und zu gef\u00e4hrlichen Dingen <span class=\"readmore\"><a href=\"https:\/\/digimed.phwien.ac.at\/?p=3054\">Continue Reading<\/a><\/span><\/p>\n","protected":false},"author":40,"featured_media":0,"comment_status":"open","ping_status":"closed","sticky":false,"template":"","format":"standard","meta":{"footnotes":""},"categories":[31,27],"tags":[73,131,184,250,294,306,346],"class_list":["post-3054","post","type-post","status-publish","format-standard","hentry","category-fake-news","category-wissens-und-informationsgesellschaft","tag-aufklaerung","tag-fakenews","tag-iwg19-5","tag-momo","tag-saferinternet-at","tag-selbstverletzung","tag-suizid"],"_links":{"self":[{"href":"https:\/\/digimed.phwien.ac.at\/index.php?rest_route=\/wp\/v2\/posts\/3054","targetHints":{"allow":["GET"]}}],"collection":[{"href":"https:\/\/digimed.phwien.ac.at\/index.php?rest_route=\/wp\/v2\/posts"}],"about":[{"href":"https:\/\/digimed.phwien.ac.at\/index.php?rest_route=\/wp\/v2\/types\/post"}],"author":[{"embeddable":true,"href":"https:\/\/digimed.phwien.ac.at\/index.php?rest_route=\/wp\/v2\/users\/40"}],"replies":[{"embeddable":true,"href":"https:\/\/digimed.phwien.ac.at\/index.php?rest_route=%2Fwp%2Fv2%2Fcomments&post=3054"}],"version-history":[{"count":0,"href":"https:\/\/digimed.phwien.ac.at\/index.php?rest_route=\/wp\/v2\/posts\/3054\/revisions"}],"wp:attachment":[{"href":"https:\/\/digimed.phwien.ac.at\/index.php?rest_route=%2Fwp%2Fv2%2Fmedia&parent=3054"}],"wp:term":[{"taxonomy":"category","embeddable":true,"href":"https:\/\/digimed.phwien.ac.at\/index.php?rest_route=%2Fwp%2Fv2%2Fcategories&post=3054"},{"taxonomy":"post_tag","embeddable":true,"href":"https:\/\/digimed.phwien.ac.at\/index.php?rest_route=%2Fwp%2Fv2%2Ftags&post=3054"}],"curies":[{"name":"wp","href":"https:\/\/api.w.org\/{rel}","templated":true}]}}