{"id":3154,"date":"2019-12-03T09:54:36","date_gmt":"2019-12-03T07:54:36","guid":{"rendered":"http:\/\/podcampus.phwien.ac.at\/digimed\/?p=3154"},"modified":"2019-12-03T09:54:36","modified_gmt":"2019-12-03T07:54:36","slug":"medienaktivismus-und-klimawandel","status":"publish","type":"post","link":"https:\/\/digimed.phwien.ac.at\/?p=3154","title":{"rendered":"Medienaktivismus und Klimawandel"},"content":{"rendered":"\n<p>Da das Thema Klimaschutz und Klimawandel\nein sehr aktuelles und umstrittenes Thema ist, wird auch in den Medien viel\ndar\u00fcber berichtet. Da Medien aber nicht nur die Ergebnisse der Forschung,\nsondern eher ein gefiltertes Bild mit ausgew\u00e4hlten Inhalten \u00fcber diese Thematik\n\u00fcberliefern, haben sie einen gro\u00dfen Einfluss auf die subjektive Wahrnehmung des\nKlimawandels bei den Mediennutzern und Empf\u00e4ngern. <\/p>\n\n\n\n<p>Jedoch ist nicht nur der Absender und\nVerfasser der in den Medien zur Verf\u00fcgung gestellten Texte daf\u00fcr verantwortlich,\nwie der Inhalt beim Empf\u00e4nger aufgenommen und interpretiert wird. Auch beim\nEmpf\u00e4nger selbst spielen viele individuelle Komponenten eine gro\u00dfe Rolle. So\nmachen es beispielsweise die politische Einstellung, sowie auch die\npers\u00f6nlichen Erfahrungen und Vorkenntnisse, bzw. das pers\u00f6nliche Umfeld einen\ngro\u00dfen Teil der Meinungsbildung aus. <\/p>\n\n\n\n<p>Das Thema Klimawandel wird in den Medien\nauf sehr umfangreiche Art und Weise thematisiert und reicht \u00fcber\nWeltuntergangsszenarien bis hin zu einfachen Tipps, wie man seinen pers\u00f6nlichen\nCO2 Verbrauch verringern kann. Die Vielfalt an Meinungen und Thesen bez\u00fcglich\ndes Klimawandels f\u00fchrt bei den Empf\u00e4ngern oft zu Skepsis und Verwirrung, da sie\nsich kein eindeutiges Bild \u00fcber die Tragkraft des Klimawandels machen k\u00f6nnen,\nohne sich tiefer mit der Thematik auseinanderzusetzen. <\/p>\n\n\n\n<p>Auch in den sozialen Medien ist der\nKlimawandel ein stark umstrittenes und besprochenes Thema. Auf Facebook,\nTwitter, Instagram und einigen Klimablogs werden die Plattformen aber eher\ndaf\u00fcr genutzt, privaten Meinungen Ausdruck zu verleihen, anstatt fundierte\nFachmeinung zu verschriftlichen. <\/p>\n\n\n\n<p>Beispielsweise bietet die Facebook Seite\nvon \u201eFridays for Future\u201c eine M\u00f6glichkeit zum Austausch und zur\nInformations\u00fcberlieferung. Die Seite wird klar als Appell genutzt, die Menschen\nzum bewussteren Leben aufzufordern und sich f\u00fcr den Klimaschutz aktiv\neinzusetzen. Daf\u00fcr l\u00e4dt sie auch direkt zu Protesten und Streits ein und l\u00e4sst\ndie Empf\u00e4nger am Protest gegen die weitere Umweltverschmutzung aktiv\nteilnehmen. <\/p>\n\n\n\n<p>Das Thema Klimaschutz ist schon seit\nmehreren Jahren fester Bestandteil der medialen Welt. Jedoch ist der Kontext,\nin welchem \u00fcber den Klimawandel gesprochen und diskutiert wird, ausschlaggebend\ndaf\u00fcr, welche Bedeutung ihm zugesprochen wird. Vor allem durch die mediale\nPr\u00e4senz wird der Klimawandel f\u00fcr uns real und existent, da die direkte\nWahrnehmung des Klimawandels oft nicht eindeutig zuordbar ist. <\/p>\n\n\n\n<p>Die Basis f\u00fcr den sinnvollen Gebrauch der\nMedien zur Informationsbeschaffung und Meinungsbildung durch Medien ist die\nPr\u00fcfung der Qualit\u00e4t der Quellen. Die Frage, ob man den Quellen, aus denen man\nseine Informationen bezieht, vertraut und sie wirklich zur eigenen\nMeinungsbildung \u00fcber den Klimawandel nutzen will, sollte sich jeder Nutzer\/jede\nNutzerin stellen um sicherzugehen, dass er sein Wissen aus vertrauensvollen und\nwissenschaftlich fundierten Ergebnissen bezieht. &nbsp;<br>\n(vgl. <a href=\"https:\/\/www.waldwissen.net\/wald\/klima\/wandel_co2\/fva_klimawandel_bewusstsein\/index_DE\">https:\/\/www.waldwissen.net\/wald\/klima\/wandel_co2\/fva_klimawandel_bewusstsein\/index_DE<\/a>\n&nbsp;letzter Zugriff 26.11.2019 15:30 Uhr)<\/p>\n\n\n\n<div class=\"wp-block-group\"><div class=\"wp-block-group__inner-container is-layout-flow wp-block-group-is-layout-flow\">\n<div class=\"wp-block-group\"><div class=\"wp-block-group__inner-container is-layout-flow wp-block-group-is-layout-flow\">\n<p>Passend zu diesem Thema gibt es auch nachfolgenden Podcast, in dem der Stellenwert der Fridays-for-Future-Demonstrationen f\u00fcr junge Menschen und die Rolle der Medien in diesem Kontext durch Interviews behandelt werden: <\/p>\n<\/div><\/div>\n<\/div><\/div>\n\n\n\n<div class=\"wp-block-group\"><div class=\"wp-block-group__inner-container is-layout-flow wp-block-group-is-layout-flow\">\n<p><a href=\"https:\/\/medienarchiv.phwien.ac.at\/medienaktivismus-und-klimawandel\/\">https:\/\/medienarchiv.phwien.ac.at\/medienaktivismus-und-klimawandel\/<\/a><\/p>\n<\/div><\/div>\n\n\n\n<iframe loading=\"lazy\" src=\"https:\/\/medienarchiv.phwien.ac.at\/file_embed?file=5413\" border=\"0\" scrolling=\"no\" width=\"100%\" height=\"300\"><\/iframe>\n\n\n\n<p>Links zum Thema Klimaschutz in den Medien:<\/p>\n\n\n\n<figure class=\"wp-block-embed-facebook wp-block-embed\"><div class=\"wp-block-embed__wrapper\">\nhttps:\/\/www.facebook.com\/FridaysForFutureVienna\/\n<\/div><\/figure>\n\n\n\n<p><a href=\"https:\/\/www.waldwissen.net\/wald\/klima\/index_DE\">https:\/\/www.waldwissen.net\/wald\/klima\/index_DE<\/a><\/p>\n\n\n\n<p><a href=\"https:\/\/www.zeit.de\/wissen\/umwelt\/2018-08\/klimawandel-globale-erderwaermung-zweifel-argumente-klimamodelle\">https:\/\/www.zeit.de\/wissen\/umwelt\/2018-08\/klimawandel-globale-erderwaermung-zweifel-argumente-klimamodelle<\/a><\/p>\n","protected":false},"excerpt":{"rendered":"<p>Da das Thema Klimaschutz und Klimawandel ein sehr aktuelles und umstrittenes Thema ist, wird auch in den Medien viel dar\u00fcber berichtet. Da Medien aber nicht nur die Ergebnisse der Forschung, sondern eher ein gefiltertes Bild mit ausgew\u00e4hlten Inhalten \u00fcber diese <span class=\"readmore\"><a href=\"https:\/\/digimed.phwien.ac.at\/?p=3154\">Continue Reading<\/a><\/span><\/p>\n","protected":false},"author":42,"featured_media":0,"comment_status":"open","ping_status":"open","sticky":false,"template":"","format":"standard","meta":{"footnotes":""},"categories":[35,27],"tags":[230,231],"class_list":["post-3154","post","type-post","status-publish","format-standard","hentry","category-medienaktivismus","category-wissens-und-informationsgesellschaft","tag-medien","tag-medienaktivismus"],"_links":{"self":[{"href":"https:\/\/digimed.phwien.ac.at\/index.php?rest_route=\/wp\/v2\/posts\/3154","targetHints":{"allow":["GET"]}}],"collection":[{"href":"https:\/\/digimed.phwien.ac.at\/index.php?rest_route=\/wp\/v2\/posts"}],"about":[{"href":"https:\/\/digimed.phwien.ac.at\/index.php?rest_route=\/wp\/v2\/types\/post"}],"author":[{"embeddable":true,"href":"https:\/\/digimed.phwien.ac.at\/index.php?rest_route=\/wp\/v2\/users\/42"}],"replies":[{"embeddable":true,"href":"https:\/\/digimed.phwien.ac.at\/index.php?rest_route=%2Fwp%2Fv2%2Fcomments&post=3154"}],"version-history":[{"count":0,"href":"https:\/\/digimed.phwien.ac.at\/index.php?rest_route=\/wp\/v2\/posts\/3154\/revisions"}],"wp:attachment":[{"href":"https:\/\/digimed.phwien.ac.at\/index.php?rest_route=%2Fwp%2Fv2%2Fmedia&parent=3154"}],"wp:term":[{"taxonomy":"category","embeddable":true,"href":"https:\/\/digimed.phwien.ac.at\/index.php?rest_route=%2Fwp%2Fv2%2Fcategories&post=3154"},{"taxonomy":"post_tag","embeddable":true,"href":"https:\/\/digimed.phwien.ac.at\/index.php?rest_route=%2Fwp%2Fv2%2Ftags&post=3154"}],"curies":[{"name":"wp","href":"https:\/\/api.w.org\/{rel}","templated":true}]}}