{"id":3347,"date":"2020-01-07T17:24:54","date_gmt":"2020-01-07T15:24:54","guid":{"rendered":"http:\/\/podcampus.phwien.ac.at\/digimed\/?p=3347"},"modified":"2020-01-07T17:24:54","modified_gmt":"2020-01-07T15:24:54","slug":"exkursion-wienxtra-medienzentrum","status":"publish","type":"post","link":"https:\/\/digimed.phwien.ac.at\/?p=3347","title":{"rendered":"Exkursion: WienXtra \u2013 Medienzentrum"},"content":{"rendered":"\n<p><strong>Name:<\/strong> Natalie\nLastro<\/p>\n\n\n\n<p><strong>Exkursionsziel:<\/strong>\nWienXtra &#8211; Medienzentrum<\/p>\n\n\n\n<p><strong>Datum des Besuches:<\/strong>\n7. J\u00e4nner 2020<\/p>\n\n\n\n<p>Das WienXtra-Medienzentrum ist eine Bildungseinrichtung, die Kindern und Jugendlichen zwischen 10 und 22 Jahren die M\u00f6glichkeit bietet, sich in ihrer Freizeit mit Video- und Fotokameras gratis zu besch\u00e4ftigen. Freizeit deshalb, weil der Andrang viel zu gro\u00df w\u00e4re, wenn man ganze Klassen betreuen m\u00fcsste. <br>Das Medienzentrum bietet den Verleih von verschiedenen Kameras und dazugeh\u00f6rigem Equipment an. Dabei k\u00f6nnen die Kinder und Jugendlichen das im Geb\u00e4ude vorhandene Studio zum Videos drehen oder Fotografieren nutzen und anschlie\u00dfend einen der Schnittpl\u00e4tze zum Bearbeiten und Zuschneiden der Bilder und Videos verwenden. <\/p>\n\n\n\n<p>Hat man den Wunsch sich eines der Dinge auszuborgen, so sollte man die <a href=\"https:\/\/www.wienxtra.at\/medienzentrum\/jugendliche\/geraeteverleih\/\">Ger\u00e4te rechtzeitig reservieren<\/a>. Zus\u00e4tzlich ist zu erw\u00e4hnen, dass die Ger\u00e4te nur dann ausgeliehen werden, wenn man genau sagen kann, was damit gemacht wird. Das zust\u00e4ndige Personal des Medienzentrums entscheidet dann, ob das Medienprojekt mit dem kostenlosen Ger\u00e4teverleih unterst\u00fctzt wird.<br>Wird das Projekt unterst\u00fctzt, so bekommt man eine kurze \u201eEinschulung\u201c, damit man den richtigen Umgang mit dem Ger\u00e4t kennenlernt.<\/p>\n\n\n\n<p>Das Medienzentrum bietet den Kindern und Jugendlichen neben dem Verleih und dem zur Verf\u00fcgung stellen ihrer R\u00e4umlichkeiten und Ger\u00e4te auch Workshops an. Viele davon finden in den Ferien statt, wodurch die TeilnehmerInnen ihre Zeit und Gedanken g\u00e4nzlich dem Projekt widmen k\u00f6nnen.<\/p>\n\n\n\n<p>Zus\u00e4tzlich werden auch Fortbildungen angeboten, die vor\nallem f\u00fcr uns P\u00e4dagogInnen und Eltern relevant sind. Dabei werden Ideen zur Entwicklung\nund Durchf\u00fchrung verschiedenster Projekte vorgestellt.<\/p>\n\n\n\n<p>Nachdem die Zielgruppen des Medienzentrums haupts\u00e4chlich 10 bis 22-J\u00e4hrige sind, betrifft es Kinder in der Volksschule eher weniger (wenn, dann erst gegen Ende der 4. Klasse). Dennoch finde ich es sehr toll, dass die Stadt Wien solch ein Zentrum auf die Beine gestellt hat. Die BesucherInnen haben die M\u00f6glichkeit den Umgang mit verschiedenen Ger\u00e4ten kennenzulernen und bei der Verwirklichung ihrer Projekte unterst\u00fctzt zu werden.<\/p>\n\n\n\n<p>Auch das Angebot f\u00fcr uns P\u00e4dagogInnen ist sehr toll. Wir haben die M\u00f6glichkeit verschiedene Ger\u00e4te und Methoden kennenzulernen, die uns die Arbeit mit digitalen Medien erleichtern.<\/p>\n\n\n\n<p>Ich pers\u00f6nlich kannte das WienXtra-Medienzentrum zuvor nicht und wurde positiv \u00fcberrascht, als mir das breite Angebot vorgestellt wurde. Die R\u00e4umlichkeiten sind sehr gut ausgestattet und ich bin mir sicher, dass dadurch vor allem Kindern aus sozial benachteiligten Familien die M\u00f6glichkeit gegeben wird, ein eigenes Medienprojekt zu verwirklichen. Ich w\u00fcrde einen Besuch auf jeden Fall empfehlen!<\/p>\n","protected":false},"excerpt":{"rendered":"<p>Name: Natalie Lastro Exkursionsziel: WienXtra &#8211; Medienzentrum Datum des Besuches: 7. J\u00e4nner 2020 Das WienXtra-Medienzentrum ist eine Bildungseinrichtung, die Kindern und Jugendlichen zwischen 10 und 22 Jahren die M\u00f6glichkeit bietet, sich in ihrer Freizeit mit Video- und Fotokameras gratis zu <span class=\"readmore\"><a href=\"https:\/\/digimed.phwien.ac.at\/?p=3347\">Continue Reading<\/a><\/span><\/p>\n","protected":false},"author":50,"featured_media":3350,"comment_status":"closed","ping_status":"open","sticky":false,"template":"","format":"standard","meta":{"footnotes":""},"categories":[3,12],"tags":[399],"class_list":["post-3347","post","type-post","status-publish","format-standard","has-post-thumbnail","hentry","category-exk","category-mz","tag-ws19-mb"],"_links":{"self":[{"href":"https:\/\/digimed.phwien.ac.at\/index.php?rest_route=\/wp\/v2\/posts\/3347","targetHints":{"allow":["GET"]}}],"collection":[{"href":"https:\/\/digimed.phwien.ac.at\/index.php?rest_route=\/wp\/v2\/posts"}],"about":[{"href":"https:\/\/digimed.phwien.ac.at\/index.php?rest_route=\/wp\/v2\/types\/post"}],"author":[{"embeddable":true,"href":"https:\/\/digimed.phwien.ac.at\/index.php?rest_route=\/wp\/v2\/users\/50"}],"replies":[{"embeddable":true,"href":"https:\/\/digimed.phwien.ac.at\/index.php?rest_route=%2Fwp%2Fv2%2Fcomments&post=3347"}],"version-history":[{"count":0,"href":"https:\/\/digimed.phwien.ac.at\/index.php?rest_route=\/wp\/v2\/posts\/3347\/revisions"}],"wp:featuredmedia":[{"embeddable":true,"href":"https:\/\/digimed.phwien.ac.at\/index.php?rest_route=\/wp\/v2\/media\/3350"}],"wp:attachment":[{"href":"https:\/\/digimed.phwien.ac.at\/index.php?rest_route=%2Fwp%2Fv2%2Fmedia&parent=3347"}],"wp:term":[{"taxonomy":"category","embeddable":true,"href":"https:\/\/digimed.phwien.ac.at\/index.php?rest_route=%2Fwp%2Fv2%2Fcategories&post=3347"},{"taxonomy":"post_tag","embeddable":true,"href":"https:\/\/digimed.phwien.ac.at\/index.php?rest_route=%2Fwp%2Fv2%2Ftags&post=3347"}],"curies":[{"name":"wp","href":"https:\/\/api.w.org\/{rel}","templated":true}]}}