{"id":3413,"date":"2020-01-08T15:54:41","date_gmt":"2020-01-08T13:54:41","guid":{"rendered":"http:\/\/podcampus.phwien.ac.at\/digimed\/?p=3413"},"modified":"2020-01-08T15:54:41","modified_gmt":"2020-01-08T13:54:41","slug":"ekursion-wienxtra-medienzentrum","status":"publish","type":"post","link":"https:\/\/digimed.phwien.ac.at\/?p=3413","title":{"rendered":"Exkursion: wienXtra \u2013 medienzentrum"},"content":{"rendered":"\n<figure class=\"wp-block-image size-large\"><img loading=\"lazy\" decoding=\"async\" width=\"1024\" height=\"768\" src=\"http:\/\/podcampus.phwien.ac.at\/digimed\/files\/2020\/01\/IMG_2705-1024x768.jpg\" alt=\"\" class=\"wp-image-3415\" srcset=\"https:\/\/digimed.phwien.ac.at\/wp-content\/uploads\/2020\/01\/IMG_2705-1024x768.jpg 1024w, https:\/\/digimed.phwien.ac.at\/wp-content\/uploads\/2020\/01\/IMG_2705-300x225.jpg 300w, https:\/\/digimed.phwien.ac.at\/wp-content\/uploads\/2020\/01\/IMG_2705-768x576.jpg 768w, https:\/\/digimed.phwien.ac.at\/wp-content\/uploads\/2020\/01\/IMG_2705-1536x1152.jpg 1536w, https:\/\/digimed.phwien.ac.at\/wp-content\/uploads\/2020\/01\/IMG_2705-2048x1536.jpg 2048w\" sizes=\"auto, (max-width: 1024px) 100vw, 1024px\" \/><figcaption>Foto:Ljubica Zoric<\/figcaption><\/figure>\n\n\n\n<p>Am Dienstag 07.01.2020 waren zwei Kolleginnen und ich im <a href=\"https:\/\/www.wienxtra.at\/medienzentrum\/\">\u201ewienXtra-Medienzentrum\u201c<\/a> zu Besuch. Diese Bildungseinrichtung arbeitet mit Kindern und Jugendlichen im Alter von 10 bis 22 Jahren zusammen und ist f\u00fcr diese Altersgruppe kostenlos. Zudem ist es den Sch\u00fclerinnen und Sch\u00fclern m\u00f6glich, sich Ger\u00e4te zum Fotografieren und Aufnehmen von Videos mit entsprechenden Equipments kostenlos auszuborgen. Das Ziel dieser Bildungseinrichtung ist, dass Kinder und Jugendliche selbstst\u00e4ndig und kreativ mit Videokameras arbeiten. Nachdem die Bilder oder Videos aufgenommen wurden, haben Kinder die M\u00f6glichkeit diese in R\u00e4umen, dem sogenannten Schnittpl\u00e4tzen, zuzuschneiden und zu bearbeiten. Nat\u00fcrlich stehen ihnen auch zwei Studios zur Verf\u00fcgung, um ihre Ideen durchf\u00fchren zu k\u00f6nnen. Wenn man sich folgende Ger\u00e4te ausleihen m\u00f6chte, sollte man diese pers\u00f6nlich und rechtzeitig reservieren, weil diese sehr gefragt sind. Nachdem das Equipment ausgeborgt wurde, wird den Kindern und Jugendlichen der korrekte Umgang erkl\u00e4rt und dementsprechend werden sie auch eingeschult. <\/p>\n\n\n\n<p>Au\u00dferdem bietet das Medienzentrum zahlreiche Workshops, sowie <a href=\"https:\/\/www.wienxtra.at\/medienzentrum\/erwachsene\/#c21892\">Seminare bzw. Fortbildungen<\/a> f\u00fcr Lehrerinnen und Lehrer. Diese fokussieren sich vor allem auf Medienbildung, sowie Mediennutzung. Ich pers\u00f6nlich finde, dass diese Angebote sehr n\u00fctzlich und wichtig f\u00fcr einen selber sind. Zudem ist es den Erwachsenen m\u00f6glich, den Umgang mit digitalen Medien kennenzulernen. <\/p>\n\n\n\n<p>Die Zielgruppe f\u00fcr das wienXtra-Medienzentrum sind besonders\nJugendliche, somit betrifft es die Volksschulkinder zum Teil gar nicht.\nTrotzdem bin ich der Meinung, dass das Medienzentrum ein sehr tolles Angebot auf\ndie Beine gestellt hat und auch den Kindern und Jugendlichen die M\u00f6glichkeit geben,\nmit verschiedensten Materialien zu arbeiten und auch diese auch pers\u00f6nlich\nunterst\u00fctzen. <\/p>\n\n\n\n<p>Vor dem Besuch im wienXtra &#8211; Medienzentrum konnte ich mir nichts Genaues darunter vorstellen, doch danach war ich \u00fcberaus positiv \u00fcberrascht. Ich selbst h\u00e4tte diese Angebote schon fr\u00fcher gekannt, denn das Herstellen von eigenen Videos oder Medienprojekten scheint sehr cool zu sein. Wie gesagt, ich konnte positive Eindr\u00fccke sammeln und w\u00fcrde diese Bildungseinrichtung weiterempfehlen. Gut finde ich, dass man sowohl alleine als auch in kleinen Gruppen die M\u00f6glichkeit hat, sich mit digitalen Medien zu besch\u00e4ftigen. Zudem sind die Mitarbeiterinnen und Mitarbeiter sehr kompetent und freundlich, aber sie unterst\u00fctzen einen bei dem eigenen Medienprojekt und stehen bei Fragen immer zur Verf\u00fcgung. Au\u00dferdem finde ich es toll, dass die Angebote f\u00fcr Kinder bis 22 kostenlos zur Verf\u00fcgung stehen. <\/p>\n","protected":false},"excerpt":{"rendered":"<p>Am Dienstag 07.01.2020 waren zwei Kolleginnen und ich im \u201ewienXtra-Medienzentrum\u201c zu Besuch. Diese Bildungseinrichtung arbeitet mit Kindern und Jugendlichen im Alter von 10 bis 22 Jahren zusammen und ist f\u00fcr diese Altersgruppe kostenlos. Zudem ist es den Sch\u00fclerinnen und Sch\u00fclern <span class=\"readmore\"><a href=\"https:\/\/digimed.phwien.ac.at\/?p=3413\">Continue Reading<\/a><\/span><\/p>\n","protected":false},"author":51,"featured_media":0,"comment_status":"closed","ping_status":"open","sticky":false,"template":"","format":"standard","meta":{"footnotes":""},"categories":[3,12],"tags":[399],"class_list":["post-3413","post","type-post","status-publish","format-standard","hentry","category-exk","category-mz","tag-ws19-mb"],"_links":{"self":[{"href":"https:\/\/digimed.phwien.ac.at\/index.php?rest_route=\/wp\/v2\/posts\/3413","targetHints":{"allow":["GET"]}}],"collection":[{"href":"https:\/\/digimed.phwien.ac.at\/index.php?rest_route=\/wp\/v2\/posts"}],"about":[{"href":"https:\/\/digimed.phwien.ac.at\/index.php?rest_route=\/wp\/v2\/types\/post"}],"author":[{"embeddable":true,"href":"https:\/\/digimed.phwien.ac.at\/index.php?rest_route=\/wp\/v2\/users\/51"}],"replies":[{"embeddable":true,"href":"https:\/\/digimed.phwien.ac.at\/index.php?rest_route=%2Fwp%2Fv2%2Fcomments&post=3413"}],"version-history":[{"count":0,"href":"https:\/\/digimed.phwien.ac.at\/index.php?rest_route=\/wp\/v2\/posts\/3413\/revisions"}],"wp:attachment":[{"href":"https:\/\/digimed.phwien.ac.at\/index.php?rest_route=%2Fwp%2Fv2%2Fmedia&parent=3413"}],"wp:term":[{"taxonomy":"category","embeddable":true,"href":"https:\/\/digimed.phwien.ac.at\/index.php?rest_route=%2Fwp%2Fv2%2Fcategories&post=3413"},{"taxonomy":"post_tag","embeddable":true,"href":"https:\/\/digimed.phwien.ac.at\/index.php?rest_route=%2Fwp%2Fv2%2Ftags&post=3413"}],"curies":[{"name":"wp","href":"https:\/\/api.w.org\/{rel}","templated":true}]}}