{"id":3647,"date":"2020-01-13T18:30:58","date_gmt":"2020-01-13T16:30:58","guid":{"rendered":"http:\/\/podcampus.phwien.ac.at\/digimed\/?p=3647"},"modified":"2020-01-13T18:30:58","modified_gmt":"2020-01-13T16:30:58","slug":"keine-angst-wir-haben-alles-unter-kontrolle","status":"publish","type":"post","link":"https:\/\/digimed.phwien.ac.at\/?p=3647","title":{"rendered":"Keine Angst \u2013 Wir haben alles unter Kontrolle!"},"content":{"rendered":"\n<p class=\"has-small-font-size\">Bild: <a href=\"https:\/\/www.karriere.at\/blog\/datenschutz-grundverordnung.html\">https:\/\/www.karriere.at\/blog\/datenschutz-grundverordnung.html<\/a><\/p>\n\n\n\n<p>F\u00fcr die Menschen heutzutage ist vor allem eines wichtig: schnell an Informationen zu kommen. Der einfachste Weg daf\u00fcr ist die Suche im Internet. \u00dcber die einfachsten Suchmaschinen, wie zum Beispiel Google, klicken wir auf Websites und geben mit dem Klick auf \u201eCookies akzeptieren\u201c unser Einverst\u00e4ndnis. Aber wof\u00fcr geben wir eigentlich unser Einverst\u00e4ndnis? Welche Datenschutzinformationen werden denn eigentlich gesch\u00fctzt und welche werden preisgegeben? Sind wir uns mal ehrlich \u2013 wer hat sich jemals schon die Datenschutzeinstellungen wirklich genau durchgelesen? <\/p>\n\n\n\n<p>Mit der Zustimmung der Cookies werden unsere Daten und\nInformationen automatisch gesammelt und an Dritte weitergegeben. Es werden\nWerbeanzeigen geschalten und alles was wir suchen und anklicken wird gespeichert.\nDas Ausma\u00df dieser Daten, die von uns gespeichert werden, ist uns oftmals gar\nnicht bewusst, jedoch ist das Leben in unserem Zeitalter ohne Internet und ohne\nsoziale Medien fast nicht m\u00f6glich. <\/p>\n\n\n\n<p>Wir werden in unserer Gesellschaft regelrecht gezwungen unsere\nDaten preiszugeben. Ist es also \u00fcberhaupt m\u00f6glich sich selbst zu sch\u00fctzen und\nseine Daten nicht freizugeben, wenn es nicht mal Parteien oder gro\u00dfe Politiker\nschaffen? <\/p>\n\n\n\n<p>Artikel dazu: <a href=\"https:\/\/deref-gmx.net\/mail\/client\/9W4UFeABnKU\/dereferrer\/?redirectUrl=https%3A%2F%2Fwww.diepresse.com%2F5625105%2Fpassworter-von-osterreichischen-politikern-im-internet-gelandet\">https:\/\/deref-gmx.net\/mail\/client\/9W4UFeABnKU\/dereferrer\/?redirectUrl=https%3A%2F%2Fwww.diepresse.com%2F5625105%2Fpassworter-von-osterreichischen-politikern-im-internet-gelandet<\/a><\/p>\n\n\n\n<p>Sp\u00e4testens nach der Enth\u00fcllung durch Edward Snowden im Jahr 2013-\ndass die National Security Agency weltweit Handy-Daten speichert und\nNachrichten mitliest- sind wir uns alle sicher: wir werden \u00fcber unsere\ndigitalen Medien \u00fcberwacht. <\/p>\n\n\n\n<p><strong>Facebook \u2013\nTool l\u00e4sst Nutzer entscheiden, welche Daten au\u00dferhalb Facebooks getrackt werden\n<\/strong><\/p>\n\n\n\n<p>Artikel: <a href=\"https:\/\/deref-gmx.net\/mail\/client\/LM8t7cNFGXc\/dereferrer\/?redirectUrl=https%3A%2F%2Fwww.derstandard.at%2Fstory%2F2000107639643%2Ffacebook-neues-tool-laesst-nutzer-entscheiden-welche-daten-ausserhalb-facebooks\">https:\/\/deref-gmx.net\/mail\/client\/LM8t7cNFGXc\/dereferrer\/?redirectUrl=https%3A%2F%2Fwww.derstandard.at%2Fstory%2F2000107639643%2Ffacebook-neues-tool-laesst-nutzer-entscheiden-welche-daten-ausserhalb-facebooks<\/a><\/p>\n\n\n\n<p>In diesem Artikel wird dar\u00fcber\ngesprochen, dass Facebook k\u00fcnftig den Nutzern mehr Kontrolle \u00fcber ihre Daten\ngeben will. Ein sogenanntes \u201eOff-Facebook-Tool\u201c soll Einblick in jene Infos\ngew\u00e4hren, die von externen Webseiten und Apps gesammelt und mit Facebook\ngeteilt werden. Au\u00dferdem sollen diese Informationen dann verwaltet werden\nk\u00f6nnen. Diese Funktion soll in den n\u00e4chsten Monaten global erh\u00e4ltlich sein. <\/p>\n\n\n\n<p>Dies bedeutet f\u00fcr uns also, dass\nwir ausw\u00e4hlen k\u00f6nnen, welche Aktivit\u00e4ten von anderen Webseiten an Facebook\nweitergegeben werden. Dadurch hat es Auswirkungen auf die Anzeigen und\nWerbungen, die uns auf Facebook gezeigt werden. Wenn wir uns daf\u00fcr entscheiden,\ndass die Informationen nicht weitergegeben werden sollen, werden unsere\nWerbungen und Anzeigen depersonalisiert. Es bedeutet jedoch NICHT, dass\nFacebook die Daten nicht mehr sammelt, es bedeutet nur, dass die Daten nicht\nmehr mit unserem Profil in Verbindung gebracht werden k\u00f6nnen. <\/p>\n\n\n\n<p>Laut Facebook sollen die Nutzer nicht\nganz auf personalisierte Werbung verzichten wollen und nur einzelne Apps und\nWebseiten von ihrem Profil trennen wollen. <\/p>\n\n\n\n<p>Die komplette Sicherheit, dass\nunsere Daten nicht mehr gesammelt und gespeichert werden, k\u00f6nnen wir also nie\nhaben, weder bei Facebook noch bei Google oder anderen Webseiten. <\/p>\n\n\n\n<p>Wie sicher f\u00fchlt sich die Bev\u00f6lkerung in Wien? Wie sicher sie sich f\u00fchlt, k\u00f6nnt ihr in unserem Podcast h\u00f6ren.<\/p>\n\n\n\n<iframe loading=\"lazy\" src=\"https:\/\/medienarchiv.phwien.ac.at\/file_embed?file=5623\" border=\"0\" scrolling=\"yes\" width=\"100%\" height=\"300\"><\/iframe>\n","protected":false},"excerpt":{"rendered":"<p>Bild: https:\/\/www.karriere.at\/blog\/datenschutz-grundverordnung.html F\u00fcr die Menschen heutzutage ist vor allem eines wichtig: schnell an Informationen zu kommen. Der einfachste Weg daf\u00fcr ist die Suche im Internet. \u00dcber die einfachsten Suchmaschinen, wie zum Beispiel Google, klicken wir auf Websites und geben mit <span class=\"readmore\"><a href=\"https:\/\/digimed.phwien.ac.at\/?p=3647\">Continue Reading<\/a><\/span><\/p>\n","protected":false},"author":62,"featured_media":3648,"comment_status":"open","ping_status":"open","sticky":false,"template":"","format":"standard","meta":{"footnotes":""},"categories":[30,27],"tags":[],"class_list":["post-3647","post","type-post","status-publish","format-standard","has-post-thumbnail","hentry","category-datenschutz","category-wissens-und-informationsgesellschaft"],"_links":{"self":[{"href":"https:\/\/digimed.phwien.ac.at\/index.php?rest_route=\/wp\/v2\/posts\/3647","targetHints":{"allow":["GET"]}}],"collection":[{"href":"https:\/\/digimed.phwien.ac.at\/index.php?rest_route=\/wp\/v2\/posts"}],"about":[{"href":"https:\/\/digimed.phwien.ac.at\/index.php?rest_route=\/wp\/v2\/types\/post"}],"author":[{"embeddable":true,"href":"https:\/\/digimed.phwien.ac.at\/index.php?rest_route=\/wp\/v2\/users\/62"}],"replies":[{"embeddable":true,"href":"https:\/\/digimed.phwien.ac.at\/index.php?rest_route=%2Fwp%2Fv2%2Fcomments&post=3647"}],"version-history":[{"count":0,"href":"https:\/\/digimed.phwien.ac.at\/index.php?rest_route=\/wp\/v2\/posts\/3647\/revisions"}],"wp:featuredmedia":[{"embeddable":true,"href":"https:\/\/digimed.phwien.ac.at\/index.php?rest_route=\/wp\/v2\/media\/3648"}],"wp:attachment":[{"href":"https:\/\/digimed.phwien.ac.at\/index.php?rest_route=%2Fwp%2Fv2%2Fmedia&parent=3647"}],"wp:term":[{"taxonomy":"category","embeddable":true,"href":"https:\/\/digimed.phwien.ac.at\/index.php?rest_route=%2Fwp%2Fv2%2Fcategories&post=3647"},{"taxonomy":"post_tag","embeddable":true,"href":"https:\/\/digimed.phwien.ac.at\/index.php?rest_route=%2Fwp%2Fv2%2Ftags&post=3647"}],"curies":[{"name":"wp","href":"https:\/\/api.w.org\/{rel}","templated":true}]}}