{"id":3866,"date":"2020-05-15T18:25:00","date_gmt":"2020-05-15T16:25:00","guid":{"rendered":"http:\/\/podcampus.phwien.ac.at\/digimed\/?p=3866"},"modified":"2020-05-15T18:25:00","modified_gmt":"2020-05-15T16:25:00","slug":"fake-news-hier-fake-news-dort","status":"publish","type":"post","link":"https:\/\/digimed.phwien.ac.at\/?p=3866","title":{"rendered":"Fake News hier &#8211; Fake News dort"},"content":{"rendered":"\n<p><strong>Wie kommt es nun zu der Verbreitung dieser Fake News?<\/strong><\/p>\n\n\n\n<p>Jeder der Facebook, Twitter, YouTube und \u00e4hnliche Plattformen nutzt wird mit dem Teilen von unterschiedlichen Posts vertraut sein. Gerade im Netz verbreiten sich Ger\u00fcchte und Falschmeldungen wie ein Fegefeuer und das liegt daran, wie wir Menschen ticken und wie solche Plattformen Informationen sortieren.<\/p>\n\n\n\n<p>Fake-News-Macher gestalten ihre Posts entsprechend und die Art und Weise, wie soziale Netzwerke funktionieren spielt ihnen da geradewegs in die H\u00e4nde und erleichtert ihnen die Arbeit.<\/p>\n\n\n\n<p class=\"has-text-align-center\"><img loading=\"lazy\" decoding=\"async\" src=\"https:\/\/lh6.googleusercontent.com\/cLQe3DVnaaJ5Db4aZGQkc8_SGnMd-bvq_WPZsGW2woxxaatttQ-hux8GM5bJI4TQCj9DFkr9K5EcMmuzTCtJMyV5Gwax_oz2BiXwTXyAEQNLk9skMZWVNCp0zjj-_2ATkgYnKK7x\" width=\"602\" height=\"363\"><\/p>\n\n\n\n<p>Link: <a href=\"https:\/\/pixabay.com\/de\/photos\/corona-ibu-fake-fake-news-news-4933452\/\">https:\/\/pixabay.com\/de\/photos\/corona-ibu-fake-fake-news-news-4933452\/<\/a><\/p>\n\n\n\n<p><strong>Welche Ma\u00dfnahmen werden gegen Fake News gesetzt? <\/strong><\/p>\n\n\n\n<p>Auch die Regierung in \u00d6sterreich k\u00e4mpft gegen die Falschmeldungen wie folgt an:<br>\u2192 Bei den Pressekonferenzen wurden schon unterschiedliche \u201eFake News\u201c aufgekl\u00e4rt.&nbsp;<\/p>\n\n\n\n<p>\u2192 Die Integrationsministerin, Susanne Raab (\u00d6VP), startete eine Informationskampagne f\u00fcr Migrantinnen und Migranten, die in 16 Sprachen \u00fcbersetzt wurde.&nbsp;<\/p>\n\n\n\n<p>\u2192 Die einzelnen Bundesl\u00e4nder informieren ebenfalls mit aktuellen Informationen, die auf deren Internetseiten nachzulesen sind.&nbsp;<\/p>\n\n\n\n<p>\u2192 Weiters hat das Verbreiten von \u201eFake News\u201c auch strafrechtliche Folgen.&nbsp;<\/p>\n\n\n\n<p>Auch diverse Online-Plattformen haben Ma\u00dfnahmen gegen Fake News im Bezug auf COVID-19 gesetzt.&nbsp;&nbsp;<\/p>\n\n\n\n<p>Google<\/p>\n\n\n\n<ul class=\"wp-block-list\"><li>Informationsk\u00e4sten mit wichtigen Infos<\/li><li>Hinweise auf vertrauensw\u00fcrdige Quellen (WHO)<\/li><\/ul>\n\n\n\n<p>YouTube<\/p>\n\n\n\n<ul class=\"wp-block-list\"><li>L\u00f6schung von falschen Inhalten<\/li><li>Hinweise auf vertrauensw\u00fcrdige Quellen<\/li><\/ul>\n\n\n\n<p>Facebook und Instagram<\/p>\n\n\n\n<ul class=\"wp-block-list\"><li>\u201ePop-Up-Meldungen\u201c mit Infos bez\u00fcglich COVID-19<\/li><li>COVID-19 Informationszentrum mit Informationen der WHO und nationalen Gesundheitsbeh\u00f6rden&nbsp;<\/li><li>L\u00f6schung jeglicher Falschinformationen<\/li><\/ul>\n\n\n\n<p>WhatsApp&nbsp;<\/p>\n\n\n\n<ul class=\"wp-block-list\"><li>Beliebteste App f\u00fcr die \u201cFake News\u201d Verbreitung<\/li><li>Kostenloses Benachrichtigungsservice der WHO (Infos zu den neuesten Zahlen, Hygiene-, Reise- und Falschinformationen)<\/li><\/ul>\n\n\n\n<p>Problem der sozialen Netzwerke<\/p>\n\n\n\n<p>\u201eDark Social\u201c sind geschlossene Gesellschaften, wie zum Beispiel WhatsApp oder auch Facebook-Gruppen, die Kommunikation erfolgt oftmals verschl\u00fcsselt und die Plattform wei\u00df oft selbst nicht, welche Inhalte verbreitet werden.&nbsp;So verbreiten sich die Fake News unkontrolliert.&nbsp;<\/p>\n\n\n\n<p>Die Plattformen nehmen die aktuelle Situation sehr ernst und versuchen die unseri\u00f6sen Quellen zu beseitigen, jedoch wird sich dies nicht ganz verhindern lassen.<\/p>\n\n\n\n<p>Quellen:<br><a href=\"https:\/\/klickwinkel.de\/tutorials\/wie-sich-fake-news-verbreiten\/\">https:\/\/klickwinkel.de\/tutorials\/wie-sich-fake-news-verbreiten\/<\/a><\/p>\n\n\n\n<p><a href=\"https:\/\/www.br.de\/nachrichten\/netzwelt\/das-tun-facebook-and-co-gegen-corona-fake-news,Rt74GE4\">https:\/\/www.br.de\/nachrichten\/netzwelt\/das-tun-facebook-and-co-gegen-corona-fake-news,Rt74GE4<\/a><\/p>\n\n\n\n<p><a rel=\"noreferrer noopener\" href=\"https:\/\/about.fb.com\/de\/news\/2020\/03\/unser-einsatz-gegen-falschinformationen-ueber-das-coronavirus\/\" target=\"_blank\">https:\/\/about.fb.com\/de\/news\/2020\/03\/unser-einsatz-gegen-falschinformationen-ueber-das-coronavirus\/ <\/a><\/p>\n\n\n\n<p>verfasst von Patricia Meister, Laura Szalai, Lukas Halwachs, Lisa Blauensteiner<\/p>\n","protected":false},"excerpt":{"rendered":"<p>Wie kommt es nun zu der Verbreitung dieser Fake News? Jeder der Facebook, Twitter, YouTube und \u00e4hnliche Plattformen nutzt wird mit dem Teilen von unterschiedlichen Posts vertraut sein. Gerade im Netz verbreiten sich Ger\u00fcchte und Falschmeldungen wie ein Fegefeuer und <span class=\"readmore\"><a href=\"https:\/\/digimed.phwien.ac.at\/?p=3866\">Continue Reading<\/a><\/span><\/p>\n","protected":false},"author":74,"featured_media":0,"comment_status":"open","ping_status":"open","sticky":false,"template":"","format":"standard","meta":{"footnotes":""},"categories":[31],"tags":[130,131,425,319],"class_list":["post-3866","post","type-post","status-publish","format-standard","hentry","category-fake-news","tag-fake","tag-fakenews","tag-iwg-2-20","tag-social-media"],"_links":{"self":[{"href":"https:\/\/digimed.phwien.ac.at\/index.php?rest_route=\/wp\/v2\/posts\/3866","targetHints":{"allow":["GET"]}}],"collection":[{"href":"https:\/\/digimed.phwien.ac.at\/index.php?rest_route=\/wp\/v2\/posts"}],"about":[{"href":"https:\/\/digimed.phwien.ac.at\/index.php?rest_route=\/wp\/v2\/types\/post"}],"author":[{"embeddable":true,"href":"https:\/\/digimed.phwien.ac.at\/index.php?rest_route=\/wp\/v2\/users\/74"}],"replies":[{"embeddable":true,"href":"https:\/\/digimed.phwien.ac.at\/index.php?rest_route=%2Fwp%2Fv2%2Fcomments&post=3866"}],"version-history":[{"count":0,"href":"https:\/\/digimed.phwien.ac.at\/index.php?rest_route=\/wp\/v2\/posts\/3866\/revisions"}],"wp:attachment":[{"href":"https:\/\/digimed.phwien.ac.at\/index.php?rest_route=%2Fwp%2Fv2%2Fmedia&parent=3866"}],"wp:term":[{"taxonomy":"category","embeddable":true,"href":"https:\/\/digimed.phwien.ac.at\/index.php?rest_route=%2Fwp%2Fv2%2Fcategories&post=3866"},{"taxonomy":"post_tag","embeddable":true,"href":"https:\/\/digimed.phwien.ac.at\/index.php?rest_route=%2Fwp%2Fv2%2Ftags&post=3866"}],"curies":[{"name":"wp","href":"https:\/\/api.w.org\/{rel}","templated":true}]}}