{"id":3958,"date":"2020-06-03T11:11:21","date_gmt":"2020-06-03T09:11:21","guid":{"rendered":"http:\/\/podcampus.phwien.ac.at\/digimed\/?p=3958"},"modified":"2020-06-03T11:11:21","modified_gmt":"2020-06-03T09:11:21","slug":"instagram-immer-mehr-personen-nutzen-instagram-fuer-berufliche-zwecke","status":"publish","type":"post","link":"https:\/\/digimed.phwien.ac.at\/?p=3958","title":{"rendered":"Instagram: Immer mehr Personen nutzen Instagram f\u00fcr berufliche Zwecke"},"content":{"rendered":"\n<p class=\"has-text-align-center\"><em><strong>Instagram ist neben Facebook, Youtube, Snapchat und Twitter nur eine vieler Online- Plattformen, die zum Austausch und zur Kommunikation genutzt wird. F\u00fcr einen gro\u00dfen Teil unserer Gesellschaft ist Instagram aus dem Alltag nicht mehr wegzudenken, daher nutzen immer mehr Personen die App auch f\u00fcr berufliche Zwecke. Nun stellt sich die Frage, warum ist Instagram so beliebt und wie kann die App auch beruflich genutzt werden?<\/strong><\/em><\/p>\n\n\n\n<figure class=\"wp-block-image\"><img decoding=\"async\" src=\"https:\/\/podcampus.phwien.ac.at\/test2\/files\/2020\/06\/social-3064515_1920-1024x683.jpg\" alt=\"Dieses Bild hat ein leeres Alt-Attribut. Der Dateiname ist social-3064515_1920-1024x683.jpg\"\/><figcaption>Quelle: Pixabay<\/figcaption><\/figure>\n\n\n\n<p class=\"has-text-align-left\">Nun, eine wichtige Sache dabei ist, dass Instagram sehr leicht \u00fcber eine gratis App zug\u00e4nglich ist, somit ben\u00f6tigt es nur einige wenige Klicks bis die App am Handy installiert und das eigene Profil erstellt worden ist. Fotos und Videos k\u00f6nnen hochgeladen, mittels Filter bearbeitet und anschlie\u00dfend geteilt werden. Die Nutzer k\u00f6nnen dies entweder mit &#8222;gef\u00e4llt mir&#8220; markieren oder gleich einen Kommentar dazu abgeben. Daneben k\u00f6nnen Stories erstellt und geteilt werden, sowie Nachrichten und Sprachnachrichten versendet werden. Seit neuestem gibt es auch die App &#8222;Instagram TV&#8220;, die vor allem f\u00fcr die Business Branche erstellt wurde.<\/p>\n\n\n\n<p><em><strong>Mittlerweile kann man sagen, das fast jeder jemanden kennt, der Instagram privat oder beruflich nutzt, daher stellt sich die Frage: Wie viele Nutzen Instagram eigentlich weltweit?<\/strong><\/em><\/p>\n\n\n\n<div class=\"wp-block-image is-style-default\"><figure class=\"aligncenter size-large is-resized\"><img loading=\"lazy\" decoding=\"async\" src=\"https:\/\/podcampus.phwien.ac.at\/digimed\/files\/2020\/06\/social-1834010_1920-1024x1024.png\" alt=\"\" class=\"wp-image-3968\" width=\"263\" height=\"263\" srcset=\"https:\/\/digimed.phwien.ac.at\/wp-content\/uploads\/2020\/06\/social-1834010_1920-1024x1024.png 1024w, https:\/\/digimed.phwien.ac.at\/wp-content\/uploads\/2020\/06\/social-1834010_1920-300x300.png 300w, https:\/\/digimed.phwien.ac.at\/wp-content\/uploads\/2020\/06\/social-1834010_1920-150x150.png 150w, https:\/\/digimed.phwien.ac.at\/wp-content\/uploads\/2020\/06\/social-1834010_1920-768x768.png 768w, https:\/\/digimed.phwien.ac.at\/wp-content\/uploads\/2020\/06\/social-1834010_1920-1536x1536.png 1536w, https:\/\/digimed.phwien.ac.at\/wp-content\/uploads\/2020\/06\/social-1834010_1920.png 1920w\" sizes=\"auto, (max-width: 263px) 100vw, 263px\" \/><figcaption>Quelle: Pixabay<\/figcaption><\/figure><\/div>\n\n\n\n<p>Dank der Website &#8222;Statista&#8220; findet man schnell eine Vielzahl an Daten zu Instagram. Mittlerweile nutzen 1.000 Millionen Menschen Instagram weltweit. 76 % von 5243 Befragten Marketingverantwortlichen, nutzen die App f\u00fcr Unternehmerische Zwecke. Als Gr\u00fcnde daf\u00fcr, wurden folgende angegeben: das Darstellen von Produkten und die Gewinnung von neuem Personal. (vgl. statista research Department, 12.05.2020. Anteil der Unternehmen, die folgende Social-Media-Plattformen nutzen weltweit im Januar 2020. Verf\u00fcgbar unter: <a href=\"https:\/\/de.statista.com\/statistik\/daten\/studie\/71251\/umfrage\/einsatz-von-social-media-durch-unternehmen\/\">https:\/\/de.statista.com\/statistik\/daten\/studie\/71251\/umfrage\/einsatz-von-social-media-durch-unternehmen\/<\/a>)<\/p>\n\n\n\n<p><strong>Instagram als Inspirationsquelle f\u00fcr Lehrkr\u00e4fte<\/strong><\/p>\n\n\n\n<p>Als angehende Lehrpersonen hatten wir gro\u00dfes Interesse daran, wie Lehrkr\u00e4fte Instagram in diesem Berufsfeld nutzen. Wir k\u00f6nnen bef\u00fcrworten, dass Instagram h\u00e4ufig als Inspirationsquelle f\u00fcr den eigenen Unterricht angesehen wird. Viele Lehrer*innen teilen auf Instagram ihre Ideen, Anregungen und Materialien f\u00fcr den Unterricht. F\u00fcr viele stellt das eine gute M\u00f6glichkeit dar, um sich Anregungen f\u00fcr das eigene Stundenbild zu suchen. Erfahrungen, Gedanken und Meinungen k\u00f6nnen ebenfalls geteilt werden. Es stellt eine gro\u00dfe Vernetzung f\u00fcr Lehrer*innen und angehende Lehrkr\u00e4fte dar und man bekommt eine Vielzahl an Informationen zu aktuellen Bildungsthemen zur Verf\u00fcgung gestellt. (vgl. Kroker Bettina, 23.01.2010. Social Media als Hilfsmittel f\u00fcr Lehrerinnen und Lehrer. Verf\u00fcgbar unter: <a href=\"https:\/\/www.betzold.at\/blog\/social-media\/\">https:\/\/www.betzold.at\/blog\/social-media\/<\/a>.)<\/p>\n\n\n\n<p><strong>Instagram TV- Die neue App<\/strong><\/p>\n\n\n\n<p>Wie bereits erw\u00e4hnt, gibt es jetzt f\u00fcr den beruflichen Nutzen die neue App &#8222;Instagram TV&#8220;. Angelehnt an die bereits zur Verf\u00fcgung gestellte Funktion Videos hochzuladen, wurde diese neue App am 20.06.2018 erstellt. Sie bietet neue Funktionen, die das Zusehen hochgestellter Videos erleichtern sollen. Dazu geh\u00f6ren das vertikal ausgerichtete Vollbild, das automatische Abspielen von Videos, ohne selbst danach suchen zu m\u00fcssen, sowie das automatische Abspielen von Video-Machern, die man sich bisher schon \u00f6fters auf Instagram angesehen hat. Das eigene Drehen und Hochladen von Videos stellt eine weitere Funktion der App dar. F\u00fcr Business Branchen hat es den Vorteil, dass sie noch leichter und direkter an ihre Zielgruppe herantreten k\u00f6nnen und ihre Branche dadurch schneller entdeckt werden kann. Durch abwechslungsreiche und spannende Videos k\u00f6nnen Unternehmen ihre Produkte pr\u00e4sentieren.<\/p>\n\n\n\n<p class=\"has-text-align-center\"><strong>Wir haben zum Thema &#8222;Vernetzung&#8220; Yogalehrerin Nicole interviewt, die Instagram f\u00fcr ihren Beruf nutzt und online Kurse f\u00fcr ihre Follower anbietet. Hier k\u00f6nnt ihr euch unseren Podcast anh\u00f6ren:<\/strong><\/p>\n\n\n\n<figure class=\"wp-block-audio\"><audio controls src=\"https:\/\/podcampus.phwien.ac.at\/digimed\/files\/2020\/06\/Podcast_nicole-4.mp3\"><\/audio><\/figure>\n\n\n\n<p><strong>Literatur:<\/strong><\/p>\n\n\n\n<div class=\"wp-block-group\"><div class=\"wp-block-group__inner-container is-layout-flow wp-block-group-is-layout-flow\">\n<p><a href=\"https:\/\/de.statista.com\/statistik\/daten\/studie\/71251\/umfrage\/einsatz-von-social-media-durch-unternehmen\/ zuletzt aufgerufen am: 02.06,2020\">https:\/\/praxistipps.chip.de\/wie-funktioniert-instagram-eine-kleine- einfuehrung_3508<\/a> (Abgerufen am: 02.06.2020) <\/p>\n\n\n\n<p><a href=\"https:\/\/www.jugendundmedien.ch\/digitale-medien\/soziale-medien.html\">https:\/\/www.jugendundmedien.ch\/digitale-medien\/soziale-medien.html<\/a> (Abgerufen am: 02.06.2020)<\/p>\n<\/div><\/div>\n\n\n\n<div class=\"wp-block-group\"><div class=\"wp-block-group__inner-container is-layout-flow wp-block-group-is-layout-flow\">\n<div class=\"wp-block-group\"><div class=\"wp-block-group__inner-container is-layout-flow wp-block-group-is-layout-flow\">\n<p><a href=\"https:\/\/www.betzold.at\/blog\/social-media\/\">https:\/\/www.betzold.at\/blog\/social-media\/<\/a> (Abgerufen am: 02.06.2020)<\/p>\n<\/div><\/div>\n\n\n\n<p><a href=\"https:\/\/de.statista.com\/statistik\/daten\/studie\/71251\/umfrage\/einsatz-von-social-media-durch-unternehmen\/\">https:\/\/de.statista.com\/statistik\/daten\/studie\/71251\/umfrage\/einsatz-von-social-media-durch-unternehmen\/<\/a> (Abgerufen am: 02.06.2020)<\/p>\n\n\n\n<p><a href=\"https:\/\/pixabay.com\/de\/illustrations\/sozial-social-media-kommunikation-3064515\/\">https:\/\/pixabay.com\/de\/illustrations\/sozial-social-media-kommunikation-3064515\/<\/a> (Abgerufen am: 03.06.2020)<\/p>\n\n\n\n<p><a href=\"https:\/\/pixabay.com\/de\/illustrations\/soziale-soziale-netzwerke-symbol-1834010\/\">https:\/\/pixabay.com\/de\/illustrations\/soziale-soziale-netzwerke-symbol-1834010\/<\/a> (Abgerufen am: 03.06.2020<\/p>\n<\/div><\/div>\n\n\n\n<p><strong>Verfasst von: <\/strong>Daniela Viozzi, Denise Bakalla, Tamara Luttenberger<\/p>\n\n\n\n<p><\/p>\n\n\n\n<p><\/p>\n","protected":false},"excerpt":{"rendered":"<p>Instagram ist neben Facebook, Youtube, Snapchat und Twitter nur eine vieler Online- Plattformen, die zum Austausch und zur Kommunikation genutzt wird. F\u00fcr einen gro\u00dfen Teil unserer Gesellschaft ist Instagram aus dem Alltag nicht mehr wegzudenken, daher nutzen immer mehr Personen <span class=\"readmore\"><a href=\"https:\/\/digimed.phwien.ac.at\/?p=3958\">Continue Reading<\/a><\/span><\/p>\n","protected":false},"author":4,"featured_media":0,"comment_status":"open","ping_status":"open","sticky":false,"template":"","format":"standard","meta":{"footnotes":""},"categories":[22,38,40,27],"tags":[433,322,368],"class_list":["post-3958","post","type-post","status-publish","format-standard","hentry","category-software","category-tools","category-vernetzung","category-wissens-und-informationsgesellschaft","tag-iwg-5-20","tag-soziale-netzwerke","tag-vernetzung"],"_links":{"self":[{"href":"https:\/\/digimed.phwien.ac.at\/index.php?rest_route=\/wp\/v2\/posts\/3958","targetHints":{"allow":["GET"]}}],"collection":[{"href":"https:\/\/digimed.phwien.ac.at\/index.php?rest_route=\/wp\/v2\/posts"}],"about":[{"href":"https:\/\/digimed.phwien.ac.at\/index.php?rest_route=\/wp\/v2\/types\/post"}],"author":[{"embeddable":true,"href":"https:\/\/digimed.phwien.ac.at\/index.php?rest_route=\/wp\/v2\/users\/4"}],"replies":[{"embeddable":true,"href":"https:\/\/digimed.phwien.ac.at\/index.php?rest_route=%2Fwp%2Fv2%2Fcomments&post=3958"}],"version-history":[{"count":0,"href":"https:\/\/digimed.phwien.ac.at\/index.php?rest_route=\/wp\/v2\/posts\/3958\/revisions"}],"wp:attachment":[{"href":"https:\/\/digimed.phwien.ac.at\/index.php?rest_route=%2Fwp%2Fv2%2Fmedia&parent=3958"}],"wp:term":[{"taxonomy":"category","embeddable":true,"href":"https:\/\/digimed.phwien.ac.at\/index.php?rest_route=%2Fwp%2Fv2%2Fcategories&post=3958"},{"taxonomy":"post_tag","embeddable":true,"href":"https:\/\/digimed.phwien.ac.at\/index.php?rest_route=%2Fwp%2Fv2%2Ftags&post=3958"}],"curies":[{"name":"wp","href":"https:\/\/api.w.org\/{rel}","templated":true}]}}