{"id":3980,"date":"2020-06-08T11:33:48","date_gmt":"2020-06-08T09:33:48","guid":{"rendered":"http:\/\/podcampus.phwien.ac.at\/digimed\/?p=3980"},"modified":"2020-06-08T11:33:48","modified_gmt":"2020-06-08T09:33:48","slug":"dsgvo-wie-beeinflusst-mich-das-als-lehrperson","status":"publish","type":"post","link":"https:\/\/digimed.phwien.ac.at\/?p=3980","title":{"rendered":"DSGVO &#8211; Wie beeinflusst mich das als Lehrperson?"},"content":{"rendered":"\n<figure class=\"wp-block-image size-large\"><img loading=\"lazy\" decoding=\"async\" width=\"812\" height=\"203\" src=\"http:\/\/podcampus.phwien.ac.at\/digimed\/files\/2020\/06\/daten-1.png\" alt=\"\" class=\"wp-image-3984\" srcset=\"https:\/\/digimed.phwien.ac.at\/wp-content\/uploads\/2020\/06\/daten-1.png 812w, https:\/\/digimed.phwien.ac.at\/wp-content\/uploads\/2020\/06\/daten-1-300x75.png 300w, https:\/\/digimed.phwien.ac.at\/wp-content\/uploads\/2020\/06\/daten-1-768x192.png 768w\" sizes=\"auto, (max-width: 812px) 100vw, 812px\" \/><\/figure>\n\n\n\n<p>Das Grundrecht auf Datenschutz gibt an, dass nur unter bestimmten Voraussetzungen personenbezogene Daten verarbeitet werden d\u00fcrfen. Dies ist in der \u00f6sterreichischen Verfassung geregelt. Falls diese Voraussetzungen nicht vorliegen, spricht man von Datenschutzverletzung.<\/p>\n\n\n\n<p>Das <a href=\"https:\/\/pubshop.bmbwf.gv.at\/index.php?rex_media_type=pubshop_download&amp;rex_media_file=ds_dsw_2018sept.pdf\">Handbuch \u201eDatenschutz f\u00fcr die digitale Sch\u00fclerverwaltung\u201c<\/a> zeigt, dass besonders in der Schule auf Datenschutz zu achten ist und die Schulleitung verpflichtet ist das Grundrecht auf Datenschutz zu gew\u00e4hrleisten. Dies bezieht sich auf Sch\u00fclerInnen, Erziehungsberechtigte und LehrerInnen im Bereich des Rechts auf Auskunft, Berichtigung und auch L\u00f6schung.<\/p>\n\n\n\n<p>Auch Klassenb\u00fccher m\u00fcssen mit Ber\u00fccksichtigung von Datenschutz gef\u00fchrt werden. Gem\u00e4\u00df <strong><a href=\"https:\/\/www.jusline.at\/gesetz\/schug\/paragraf\/77\">\u00a7 77 SchuG<\/a><\/strong> sind Klassenb\u00fccher f\u00fcr jede Klasse zur Dokumentation verpflichtend. In diesem stehen das Schuljahr, die Klasse und die Eckdaten der Schule. Die Namen der Sch\u00fclerinnen und Sch\u00fclern und der unterrichtenden Lehrperson sind auch vermerkt. Zus\u00e4tzlich beinhalten Klassenb\u00fccher den Stundenplan, wichtige Termine und nat\u00fcrlich die Dokumentation des Unterrichts. Das Fernbleiben von Sch\u00fclerinnen und Sch\u00fcler wird auch notiert.<\/p>\n\n\n\n<p><em>\u201eBesondere Kategorien personenbezogener Daten (Art. 9 Abs. 1 DSGVO) d\u00fcrfen nur dann im Klassenbuch vermerkt werden, wenn deren Dokumentation ein erhebliches \u00f6ffentliches Interesse darstellt. \u201e<\/em><\/p>\n\n\n\n<p>Im <a href=\"https:\/\/www.derstandard.at\/story\/2000095392312\/whatsapp-verbot-und-co-was-man-ueber-datenschutz-an-der\">Artikel<\/a> von Fabian Sommavilla wird beschrieben, worauf Lehrpersonen bei der 2018 eingef\u00fchrte Datenschutzgrundverordnung an den Schulen achten m\u00fcssen.<\/p>\n\n\n\n<p>Der korrekte Umgang mit sensiblen und personenbezogenen Daten ist besonders im Lehrberuf von gro\u00dfer Bedeutung. Besonders durch die Digitalisierung verlieren Lehrpersonen \u00f6fters den \u00dcberblick \u00fcber den Datenschutz von Erziehungsberechtigten, Schulkindern oder sogar den eigenen.<\/p>\n\n\n\n<p><strong>Aber wie erfahre ich als Lehrperson mehr \u00fcber Datenschutz und wo kann ich mir Hilfe holen?<\/strong><\/p>\n\n\n\n<p>Wie auch vor der DSGVO ist der\/die jeweilige Schulleiter\/in f\u00fcr den Umgang verantwortlich. Es gibt au\u00dferdem noch Datenschutzbeauftragte in der Bildungsdirektion.<\/p>\n\n\n\n<p>Links zu Youtube-Videos:<\/p>\n\n\n\n<figure class=\"wp-block-embed-youtube wp-block-embed is-type-video is-provider-youtube wp-embed-aspect-16-9 wp-has-aspect-ratio\"><div class=\"wp-block-embed__wrapper\">\n<iframe loading=\"lazy\" title=\"Ist Datenschutz wichtig? (Datenschutz f\u00fcr Lehrer*innen Einfach Erkl\u00e4rt 1\/3)\" width=\"829\" height=\"466\" src=\"https:\/\/www.youtube.com\/embed\/eO7p5_3bVu4?feature=oembed\" frameborder=\"0\" allow=\"accelerometer; autoplay; clipboard-write; encrypted-media; gyroscope; picture-in-picture\" allowfullscreen><\/iframe>\n<\/div><\/figure>\n\n\n\n<figure class=\"wp-block-embed-youtube wp-block-embed is-type-video is-provider-youtube wp-embed-aspect-16-9 wp-has-aspect-ratio\"><div class=\"wp-block-embed__wrapper\">\n<iframe loading=\"lazy\" title=\"Der Schutz pers\u00f6nlicher Daten (Datenschutz f\u00fcr Lehrer*innen Einfach Erkl\u00e4rt 2\/3)\" width=\"829\" height=\"466\" src=\"https:\/\/www.youtube.com\/embed\/JwgHfM5pEAM?feature=oembed\" frameborder=\"0\" allow=\"accelerometer; autoplay; clipboard-write; encrypted-media; gyroscope; picture-in-picture\" allowfullscreen><\/iframe>\n<\/div><\/figure>\n\n\n\n<p>Weitere Informationen findest du hier:<\/p>\n\n\n\n<p><a href=\"https:\/\/www.bmbwf.gv.at\/Themen\/schule\/schulrecht\/ds.html\">https:\/\/www.bmbwf.gv.at\/Themen\/schule\/schulrecht\/ds.html<\/a><\/p>\n\n\n\n<iframe loading=\"lazy\" src=\"https:\/\/medienarchiv.phwien.ac.at\/file_embed?file=6327&amp;embed_title&amp;embed_description\" border=\"0\" scrolling=\"no\" width=\"100%\" height=\"500\"><\/iframe>\n","protected":false},"excerpt":{"rendered":"<p>Das Grundrecht auf Datenschutz gibt an, dass nur unter bestimmten Voraussetzungen personenbezogene Daten verarbeitet werden d\u00fcrfen. Dies ist in der \u00f6sterreichischen Verfassung geregelt. Falls diese Voraussetzungen nicht vorliegen, spricht man von Datenschutzverletzung. Das Handbuch \u201eDatenschutz f\u00fcr die digitale Sch\u00fclerverwaltung\u201c zeigt, <span class=\"readmore\"><a href=\"https:\/\/digimed.phwien.ac.at\/?p=3980\">Continue Reading<\/a><\/span><\/p>\n","protected":false},"author":80,"featured_media":0,"comment_status":"open","ping_status":"open","sticky":false,"template":"","format":"standard","meta":{"footnotes":""},"categories":[30,27],"tags":[103,104,119,419,378],"class_list":["post-3980","post","type-post","status-publish","format-standard","hentry","category-datenschutz","category-wissens-und-informationsgesellschaft","tag-daten","tag-datenschutz","tag-dsgvo","tag-iwg-1-20","tag-volksschule"],"_links":{"self":[{"href":"https:\/\/digimed.phwien.ac.at\/index.php?rest_route=\/wp\/v2\/posts\/3980","targetHints":{"allow":["GET"]}}],"collection":[{"href":"https:\/\/digimed.phwien.ac.at\/index.php?rest_route=\/wp\/v2\/posts"}],"about":[{"href":"https:\/\/digimed.phwien.ac.at\/index.php?rest_route=\/wp\/v2\/types\/post"}],"author":[{"embeddable":true,"href":"https:\/\/digimed.phwien.ac.at\/index.php?rest_route=\/wp\/v2\/users\/80"}],"replies":[{"embeddable":true,"href":"https:\/\/digimed.phwien.ac.at\/index.php?rest_route=%2Fwp%2Fv2%2Fcomments&post=3980"}],"version-history":[{"count":0,"href":"https:\/\/digimed.phwien.ac.at\/index.php?rest_route=\/wp\/v2\/posts\/3980\/revisions"}],"wp:attachment":[{"href":"https:\/\/digimed.phwien.ac.at\/index.php?rest_route=%2Fwp%2Fv2%2Fmedia&parent=3980"}],"wp:term":[{"taxonomy":"category","embeddable":true,"href":"https:\/\/digimed.phwien.ac.at\/index.php?rest_route=%2Fwp%2Fv2%2Fcategories&post=3980"},{"taxonomy":"post_tag","embeddable":true,"href":"https:\/\/digimed.phwien.ac.at\/index.php?rest_route=%2Fwp%2Fv2%2Ftags&post=3980"}],"curies":[{"name":"wp","href":"https:\/\/api.w.org\/{rel}","templated":true}]}}