{"id":4086,"date":"2020-06-16T20:40:13","date_gmt":"2020-06-16T18:40:13","guid":{"rendered":"http:\/\/podcampus.phwien.ac.at\/digimed\/?p=4086"},"modified":"2020-08-05T08:16:46","modified_gmt":"2020-08-05T06:16:46","slug":"hass-im-netz","status":"publish","type":"post","link":"https:\/\/digimed.phwien.ac.at\/?p=4086","title":{"rendered":"Hass im Netz"},"content":{"rendered":"\n<figure class=\"wp-block-gallery columns-1 is-cropped wp-block-gallery-1 is-layout-flex wp-block-gallery-is-layout-flex\"><ul class=\"blocks-gallery-grid\"><li class=\"blocks-gallery-item\"><figure><img loading=\"lazy\" decoding=\"async\" width=\"1024\" height=\"614\" src=\"https:\/\/digimed.phwien.ac.at\/files\/2020\/06\/anonymous-3385367_1920-1024x614.jpg\" alt=\"\" data-id=\"4087\" data-full-url=\"https:\/\/digimed.phwien.ac.at\/files\/2020\/06\/anonymous-3385367_1920.jpg\" data-link=\"https:\/\/podcampus.phwien.ac.at\/digimed\/?attachment_id=4087#main\" class=\"wp-image-4087\" srcset=\"https:\/\/digimed.phwien.ac.at\/wp-content\/uploads\/2020\/06\/anonymous-3385367_1920-1024x614.jpg 1024w, https:\/\/digimed.phwien.ac.at\/wp-content\/uploads\/2020\/06\/anonymous-3385367_1920-300x180.jpg 300w, https:\/\/digimed.phwien.ac.at\/wp-content\/uploads\/2020\/06\/anonymous-3385367_1920-768x461.jpg 768w, https:\/\/digimed.phwien.ac.at\/wp-content\/uploads\/2020\/06\/anonymous-3385367_1920-1536x922.jpg 1536w, https:\/\/digimed.phwien.ac.at\/wp-content\/uploads\/2020\/06\/anonymous-3385367_1920.jpg 1920w\" sizes=\"auto, (max-width: 1024px) 100vw, 1024px\" \/><\/figure><\/li><\/ul><figcaption class=\"blocks-gallery-caption\">Quelle: pixabay.com<\/figcaption><\/figure>\n\n\n\n<iframe loading=\"lazy\" src=\"https:\/\/medienarchiv.phwien.ac.at\/file_embed?file=6514&amp;embed_description\" border=\"0\" scrolling=\"no\" width=\"100%\" height=\"250\"><\/iframe>\n\n\n\n<p class=\"has-text-align-left\"><strong>Hass im Netz wird von ZARA, einem Verein f\u00fcr Zivilcourage und Anti-Rassismus-Arbeit, wie folgt definiert:<\/strong><\/p>\n\n\n\n<p>\u201eHass im Netz kann sich auf unterschiedliche Weise manifestieren: Manche Inhalte diskriminieren pauschal ganze Bev\u00f6lkerungsgruppen. Dies kann etwa \u00fcber das Posten hasserf\u00fcllter Botschaften oder das bewusste Verbreiten von Falschinformationen und Fake News, die gezielt Unwahrheiten \u00fcber eine bestimmte Personengruppe in die Welt setzen, passieren. Andere Formen von Hass im Netz richten sich gegen einzelne Personen und reichen von \u00fcbler Nachrede \u00fcber Beleidigung bis zu&nbsp; Cyber-Mobbing.\u201c <\/p>\n\n\n\n<p><strong>Was war die eigentliche Vorstellung vom Internet?<\/strong><br>Das Internet ist ein Ort, wo eine Community Platz f\u00fcr den gegenseitigen Austausch hat und zwar f\u00fcr Leute aus unterschiedlichen sozialen und akademischen Backgrounds.<\/p>\n\n\n\n<p><strong>Doch was zeigt uns die Realit\u00e4t?<\/strong> <br>Es gibt Pl\u00e4tze im Internet, wo es genau so gehandhabt wird wie oben beschrieben: ein respektvoller Meinungsaustausch zwischen Personen unterschiedlicher Hintergr\u00fcnde. Jedoch gibt es genauso Orte im Internet, wo das nicht der Fall ist, da jeder ganz einfach Zugang bekommt.&nbsp; Und hier kommen wir auch schon zur Schattenseite des Internets.<\/p>\n\n\n\n<p><strong>Folgende Aspekte unterst\u00fctzen die Verbreitung von Hass im Netz:<\/strong><\/p>\n\n\n\n<p>*Anonymit\u00e4t: Diese ist mittlerweile nicht mehr allzu ausschlaggebend. Viele Posten auch unter ihrem Namen.<\/p>\n\n\n\n<p>*Mimik, Gestik und K\u00f6rperhaltung des Gegen\u00fcbers wird nicht gesehen. Dadurch wird eine reflektierte Emotion vermisst, also die Resonanz geht verloren, was den \u201eAngreifer\u201c frustriert, woraus wiederum eine gewisse Hemmungslosigkeit entsteht.<\/p>\n\n\n\n<p>*Echokammereffekt: Man folgt Leuten mit \u00e4hnlichen Meinungen, wodurch die eigene Meinung immer weiter best\u00e4tigt und verst\u00e4rkt wird.<\/p>\n\n\n\n<p>*Filterblaseneffekt: Algorithmen schlagen automatisch \u00e4hnliche Inhalte vor, &nbsp;wie jene, die bereits gesucht wurden. <\/p>\n\n\n\n<p>*Echokammer + Filterblaseneffekt: Meinungen ecken immer weniger an, woraus eine Radikalisierung folgt.<\/p>\n\n\n\n<p><strong>ZARA &#8211; Zivilcourage und Anti-Rassismus-Arbeit<\/strong><\/p>\n\n\n\n<p>Falls du dich irgendwann als Opfer eines Cybermobbing-Angriffs findest oder du als Au\u00dfenstehender einen solchen Angriff wahrnimmst, hast du hier auf der <strong><a href=\"https:\/\/www.zara.or.at\/de\/beratung\/melden\/hassimnetz\">Webseite von ZARA<\/a><\/strong> die M\u00f6glichkeit auf Beratung bzw. kannst du Vorf\u00e4lle melden, auch anonym.<\/p>\n\n\n\n<figure class=\"wp-block-embed-youtube wp-block-embed is-type-video is-provider-youtube wp-embed-aspect-16-9 wp-has-aspect-ratio\"><div class=\"wp-block-embed__wrapper\">\n<iframe loading=\"lazy\" title=\"Schneewittchen und das Cyber Mobbing #GegenHassimNetz\" width=\"829\" height=\"466\" src=\"https:\/\/www.youtube.com\/embed\/MpBMl-IjYus?feature=oembed\" frameborder=\"0\" allow=\"accelerometer; autoplay; encrypted-media; gyroscope; picture-in-picture\" allowfullscreen><\/iframe>\n<\/div><\/figure>\n\n\n\n<p>Text &#8211; Quellen:<\/p>\n\n\n\n<ul class=\"wp-block-list\"><li><a href=\"https:\/\/www.zara.or.at\/de\/wissen\/faq\">https:\/\/www.zara.or.at\/de\/wissen\/faq<\/a> (Zugriff am: 16.06.2020)<\/li><li>Podcast: \u201egro\u00dfe T\u00f6chter\u201c mit Ingrid Brodnig und Beatrice Frasl (Spotify)<\/li><li><a href=\"https:\/\/www.br.de\/mediathek\/video\/hemmungslos-hetzen-was-tun-gegen-den-hass-im-netz-av:5a3c4e9dc965630018420e93\">https:\/\/www.br.de\/mediathek\/video\/hemmungslos-hetzen-was-tun-gegen-den-hass-im-netz-av:5a3c4e9dc965630018420e93<\/a> (Zugriff am: 16.06.2020)<\/li><li><a href=\"https:\/\/www.zara.or.at\/de\/beratung\/melden\/hassimnetz\">https:\/\/www.zara.or.at\/de\/beratung\/melden\/hassimnetz<\/a> (Zugriff am: 16.06.2020)<\/li><\/ul>\n\n\n\n<p>Bild &#8211; Quelle:<\/p>\n\n\n\n<ul class=\"wp-block-list\"><li><a href=\"https:\/\/pixabay.com\/de\/illustrations\/anonym-netzwerk-datenverarbeitung-3385367\/\">https:\/\/pixabay.com\/de\/illustrations\/anonym-netzwerk-datenverarbeitung-3385367\/<\/a> (Zugriff am: 16.06.2020)<\/li><\/ul>\n\n\n\n<p>Video &#8211; Quelle:<\/p>\n\n\n\n<ul class=\"wp-block-list\"><li><a href=\"https:\/\/www.youtube.com\/watch?v=MpBMl-IjYus\">https:\/\/www.youtube.com\/watch?v=MpBMl-IjYus<\/a> (Zugriff am: 16.06.2020)<\/li><\/ul>\n","protected":false},"excerpt":{"rendered":"<p>Hass im Netz wird von ZARA, einem Verein f\u00fcr Zivilcourage und Anti-Rassismus-Arbeit, wie folgt definiert: \u201eHass im Netz kann sich auf unterschiedliche Weise manifestieren: Manche Inhalte diskriminieren pauschal ganze Bev\u00f6lkerungsgruppen. Dies kann etwa \u00fcber das Posten hasserf\u00fcllter Botschaften oder das <span class=\"readmore\"><a href=\"https:\/\/digimed.phwien.ac.at\/?p=4086\">Continue Reading<\/a><\/span><\/p>\n","protected":false},"author":88,"featured_media":0,"comment_status":"open","ping_status":"open","sticky":false,"template":"","format":"standard","meta":{"footnotes":""},"categories":[36,24,27],"tags":[441,102,166,433],"class_list":["post-4086","post","type-post","status-publish","format-standard","hentry","category-medienethik","category-tagebuch","category-wissens-und-informationsgesellschaft","tag-beratung","tag-cybermobbing","tag-hassimnetz","tag-iwg-5-20"],"_links":{"self":[{"href":"https:\/\/digimed.phwien.ac.at\/index.php?rest_route=\/wp\/v2\/posts\/4086","targetHints":{"allow":["GET"]}}],"collection":[{"href":"https:\/\/digimed.phwien.ac.at\/index.php?rest_route=\/wp\/v2\/posts"}],"about":[{"href":"https:\/\/digimed.phwien.ac.at\/index.php?rest_route=\/wp\/v2\/types\/post"}],"author":[{"embeddable":true,"href":"https:\/\/digimed.phwien.ac.at\/index.php?rest_route=\/wp\/v2\/users\/88"}],"replies":[{"embeddable":true,"href":"https:\/\/digimed.phwien.ac.at\/index.php?rest_route=%2Fwp%2Fv2%2Fcomments&post=4086"}],"version-history":[{"count":2,"href":"https:\/\/digimed.phwien.ac.at\/index.php?rest_route=\/wp\/v2\/posts\/4086\/revisions"}],"predecessor-version":[{"id":4225,"href":"https:\/\/digimed.phwien.ac.at\/index.php?rest_route=\/wp\/v2\/posts\/4086\/revisions\/4225"}],"wp:attachment":[{"href":"https:\/\/digimed.phwien.ac.at\/index.php?rest_route=%2Fwp%2Fv2%2Fmedia&parent=4086"}],"wp:term":[{"taxonomy":"category","embeddable":true,"href":"https:\/\/digimed.phwien.ac.at\/index.php?rest_route=%2Fwp%2Fv2%2Fcategories&post=4086"},{"taxonomy":"post_tag","embeddable":true,"href":"https:\/\/digimed.phwien.ac.at\/index.php?rest_route=%2Fwp%2Fv2%2Ftags&post=4086"}],"curies":[{"name":"wp","href":"https:\/\/api.w.org\/{rel}","templated":true}]}}