{"id":4097,"date":"2020-06-18T19:05:00","date_gmt":"2020-06-18T17:05:00","guid":{"rendered":"http:\/\/podcampus.phwien.ac.at\/digimed\/?p=4097"},"modified":"2020-06-18T19:05:00","modified_gmt":"2020-06-18T17:05:00","slug":"medienaktivist-per-mausklick","status":"publish","type":"post","link":"https:\/\/digimed.phwien.ac.at\/?p=4097","title":{"rendered":"Medienaktivist per Mausklick?"},"content":{"rendered":"\n<p><strong><a rel=\"noreferrer noopener\" href=\"https:\/\/journals.univie.ac.at\/index.php\/mp\/article\/view\/mi308\/552\" target=\"_blank\">Was ist Medienaktivismus?<\/a><\/strong><br>Eine Definition zu finden ist sehr schwer. Die neueste Definition spricht von einem Aktivismus, der von der Politik, Kultur oder Kunst inspiriert wird. Dadurch bezieht sich die Definition auf freie Ver\u00f6ffentlichungen, den Informationstransfer und Protestaktivit\u00e4ten.<br>Jedoch l\u00e4sst sich sagen, dass es keine genaue Definition gibt. Es gibt drei Punkte, die dabei helfen sollen, Medienaktivismus in Zusammenhang mit einem bestimmten Thema zu beschreiben. Diese Punkte sind die \u201eunkonventionelle Mediennutzung im Zusammenhang kreativer Re-Framings und sozialer Orientierungen; St\u00e4rkung minorit\u00e4rer Entwicklungen sowie In-Frage-Stellung und Kritik von Mainstream-Entwicklungen, Strukturzw\u00e4ngen, Dominanzverh\u00e4ltnissen und Herrschaftskulturen; kognitive Autonomie in widerst\u00e4ndigen Teilkulturen.\u201c (Hug, 2011)<\/p>\n\n\n\n<p><strong><a rel=\"noreferrer noopener\" href=\"https:\/\/berlinergazette.de\/was-ist-medienaktivismus\/\" target=\"_blank\">Findet Medienaktivismus nur im echten Leben statt oder gibt es ihn auch online?<\/a><\/strong><br>Damit ein Medienaktivismus online funktioniert, muss man ihn immer mit einem realem Aktivismus verbinden. H\u00e4ufig wird dabei die Frage gestellt, ob die meisten medienaktivistischen Handlungen im Netz nicht eher dem Slacktivismus angeh\u00f6ren. Dabei reicht es schon mit einfachsten Klicks dabei zu sein, ohne direkt auf die Gesellschaft einzuwirken.<br><a rel=\"noreferrer noopener\" href=\"https:\/\/berlinergazette.de\/medienaktivismus-neu-denken\/\" target=\"_blank\">Beispiel der echten Welt:<\/a> Der Aktive sammelt zum Beispiel Unterschriften im Einkaufszentrum und der Aktivist beteiligt sich weiters an Taten.<br>Beispiel der Online-Welt: Der Aktive ist per Mausklick beteiligt und der Aktivist hackt sich in ein System ein und schaltet es aus. Jedoch muss man nicht programmieren k\u00f6nnen, um ein richtiger Aktivist im Netz zu sein. Man muss nicht die Konstruktion des Internets ver\u00e4ndern, sondern man soll aufkl\u00e4rend arbeiten.<\/p>\n\n\n\n<p><a rel=\"noreferrer noopener\" href=\"https:\/\/medienportal.univie.ac.at\/presse\/aktuelle-pressemeldungen\/detailansicht\/artikel\/the-yes-men-live-an-der-universitaet-wien-1\/\" target=\"_blank\"><strong>\u201eThe Yes Men\u201c<\/strong><\/a><br>Die \u201eThe Yes Men\u201c sind weltweit bekannte Medienaktivisten, die sich durch mehrere Aktionen in den verschiedensten Medien einen Namen machen konnten. Sie machen falsche Behauptungen bez\u00fcglich der Politik und den Medien und \u00fcbertreiben dabei.<br>Sie schaden dem Ansehen erfolgreicher Firmen und Marken, die dadurch in der \u00d6ffentlichkeit in ein Dilemma geraten. Das bezeichnen sie als \u201eIdentit\u00e4tskorrektur\u201c und nutzen dabei die Klischees der Werbung.<\/p>\n\n\n\n<p>Hier ein Video einer Aktion der \u201eThe Yes Men\u201c:<\/p>\n\n\n\n<figure class=\"wp-block-embed-youtube aligncenter wp-block-embed is-type-video is-provider-youtube wp-embed-aspect-4-3 wp-has-aspect-ratio\"><div class=\"wp-block-embed__wrapper\">\n<iframe loading=\"lazy\" title=\"Bhopal Disaster - BBC - The Yes Men\" width=\"829\" height=\"622\" src=\"https:\/\/www.youtube.com\/embed\/LiWlvBro9eI?feature=oembed\" frameborder=\"0\" allow=\"accelerometer; autoplay; clipboard-write; encrypted-media; gyroscope; picture-in-picture\" allowfullscreen><\/iframe>\n<\/div><figcaption>Quelle: Youtube<\/figcaption><\/figure>\n\n\n\n<p><em>Erstellt von: <\/em>Katerina Csernohorski, Jessica Karollus, Katrin Pratscher<\/p>\n\n\n\n<h3 class=\"wp-block-heading\">Podcast: Medienaktivismus &#8211; Befragungen zum Thema Medienaktivismus<\/h3>\n\n\n\n<p><a href=\"https:\/\/medienarchiv.phwien.ac.at\/file_embed\/?file=6543&amp;fbclid=IwAR2bBsPYb2d4W7dvOqOpy_K32sf9W0mgODOcDIlfHjVHDtL0-QA1elPLtj4\" target=\"_blank\" rel=\"noreferrer noopener\">https:\/\/medienarchiv.phwien.ac.at\/file_embed\/?file=6543&amp;fbclid=IwAR2bBsPYb2d4W7dvOqOpy_K32sf9W0mgODOcDIlfHjVHDtL0-QA1elPLtj4<\/a><\/p>\n\n\n\n<p><\/p>\n\n\n\n<p><\/p>\n\n\n\n<p>Quellen: <br><a href=\"https:\/\/journals.univie.ac.at\/index.php\/mp\/article\/view\/mi308\/552\">https:\/\/journals.univie.ac.at\/index.php\/mp\/article\/view\/mi308\/552<\/a>  Medienimpulse Jg.49(2), (2011)<br><a href=\"https:\/\/medienportal.univie.ac.at\/presse\/aktuelle-pressemeldungen\/detailansicht\/artikel\/the-yes-men-live-an-der-universitaet-wien-1\/\">https:\/\/medienportal.univie.ac.at\/presse\/aktuelle-pressemeldungen\/detailansicht\/artikel\/the-yes-men-live-an-der-universitaet-wien-1\/<\/a> Universit\u00e4t Wien (2011)<br><a rel=\"noreferrer noopener\" href=\"https:\/\/berlinergazette.de\/medienaktivismus-neu-denken\/\" target=\"_blank\">Medienaktivismus neu denken<\/a> Berliner Gazette (2010)<br><a href=\"https:\/\/berlinergazette.de\/was-ist-medienaktivismus\/\">Was ist eigentlich Medienaktivismus?<\/a> Berliner Gazette (2010)<br><a rel=\"noreferrer noopener\" href=\"https:\/\/www.youtube.com\/watch?v=LiWlvBro9eI\" target=\"_blank\">Bhopal Disaster &#8211; BBC &#8211; The Yes Men<\/a> Youtube (2007)<\/p>\n\n\n\n<p><\/p>\n\n\n\n<div class=\"wp-block-group is-layout-flow wp-block-group-is-layout-flow\"><div class=\"wp-block-group__inner-container\"><\/div><\/div>\n\n\n\n<div class=\"wp-block-group is-layout-flow wp-block-group-is-layout-flow\"><div class=\"wp-block-group__inner-container\"><\/div><\/div>\n\n\n\n<p><\/p>\n\n\n\n<div class=\"wp-block-group is-layout-flow wp-block-group-is-layout-flow\"><div class=\"wp-block-group__inner-container\"><\/div><\/div>\n\n\n\n<p><\/p>\n\n\n\n<p><\/p>\n\n\n\n<p><\/p>\n\n\n\n<p><\/p>\n","protected":false},"excerpt":{"rendered":"<p>Was ist Medienaktivismus?Eine Definition zu finden ist sehr schwer. Die neueste Definition spricht von einem Aktivismus, der von der Politik, Kultur oder Kunst inspiriert wird. Dadurch bezieht sich die Definition auf freie Ver\u00f6ffentlichungen, den Informationstransfer und Protestaktivit\u00e4ten.Jedoch l\u00e4sst sich sagen, <span class=\"readmore\"><a href=\"https:\/\/digimed.phwien.ac.at\/?p=4097\">Continue Reading<\/a><\/span><\/p>\n","protected":false},"author":89,"featured_media":0,"comment_status":"open","ping_status":"open","sticky":false,"template":"","format":"standard","meta":{"footnotes":""},"categories":[35,27],"tags":[425,231],"class_list":["post-4097","post","type-post","status-publish","format-standard","hentry","category-medienaktivismus","category-wissens-und-informationsgesellschaft","tag-iwg-2-20","tag-medienaktivismus"],"_links":{"self":[{"href":"https:\/\/digimed.phwien.ac.at\/index.php?rest_route=\/wp\/v2\/posts\/4097","targetHints":{"allow":["GET"]}}],"collection":[{"href":"https:\/\/digimed.phwien.ac.at\/index.php?rest_route=\/wp\/v2\/posts"}],"about":[{"href":"https:\/\/digimed.phwien.ac.at\/index.php?rest_route=\/wp\/v2\/types\/post"}],"author":[{"embeddable":true,"href":"https:\/\/digimed.phwien.ac.at\/index.php?rest_route=\/wp\/v2\/users\/89"}],"replies":[{"embeddable":true,"href":"https:\/\/digimed.phwien.ac.at\/index.php?rest_route=%2Fwp%2Fv2%2Fcomments&post=4097"}],"version-history":[{"count":0,"href":"https:\/\/digimed.phwien.ac.at\/index.php?rest_route=\/wp\/v2\/posts\/4097\/revisions"}],"wp:attachment":[{"href":"https:\/\/digimed.phwien.ac.at\/index.php?rest_route=%2Fwp%2Fv2%2Fmedia&parent=4097"}],"wp:term":[{"taxonomy":"category","embeddable":true,"href":"https:\/\/digimed.phwien.ac.at\/index.php?rest_route=%2Fwp%2Fv2%2Fcategories&post=4097"},{"taxonomy":"post_tag","embeddable":true,"href":"https:\/\/digimed.phwien.ac.at\/index.php?rest_route=%2Fwp%2Fv2%2Ftags&post=4097"}],"curies":[{"name":"wp","href":"https:\/\/api.w.org\/{rel}","templated":true}]}}