{"id":4186,"date":"2020-06-26T15:51:14","date_gmt":"2020-06-26T13:51:14","guid":{"rendered":"http:\/\/podcampus.phwien.ac.at\/digimed\/?p=4186"},"modified":"2020-06-26T15:51:14","modified_gmt":"2020-06-26T13:51:14","slug":"die-corona-verschwoerungen","status":"publish","type":"post","link":"https:\/\/digimed.phwien.ac.at\/?p=4186","title":{"rendered":"Die Corona-Verschw\u00f6rungen"},"content":{"rendered":"\n<p>Verschw\u00f6rungstheorien begleiten uns durchgehend. Die bekanntesten sind zum Bespiel, dass Elvis von Aliens entf\u00fchrt wurde, und er in Wahrheit noch lebt. Oder aber auch der Mord an Prinzessin Diana. Es kursiert die Erkl\u00e4rung, dass sie vom Geheimdienst ermordet wurde.&nbsp;&nbsp;<\/p>\n\n\n\n<p style=\"color:#788086\" class=\"has-text-color\"><strong>Was ist eine Verschw\u00f6rungstheorie?\u00a0<\/strong><\/p>\n\n\n\n<p>Eine Verschw\u00f6rung ist eine geheime Absprache von Leuten, die etwas vorhaben, was ihnen einen Nutzen verschafft und gleichzeitig anderen schadet. Eine Theorie ist eine Erkl\u00e4rung f\u00fcr etwas. Verschw\u00f6rungstheorien sind eingebildete, nicht nachweisbare Erkl\u00e4rungsversuche. Zuvor belegte Fakten werden nicht beachtet. Anh\u00e4nger sind der \u00dcberzeugung, dass Nichts durch Zufall geschieht und alles miteinander verbunden ist. (vgl.\u00a0www.lks-bayern.de)\u00a0<strong>\u00a0<\/strong><\/p>\n\n\n\n<p style=\"color:#82878a\" class=\"has-text-color\"><strong>Wie entstehen Verschw\u00f6rungstheorien?\u00a0<\/strong><\/p>\n\n\n\n<p>Ereignisse zu hinterfragen und anzuzweifeln liegt in unserer Natur. Einige Menschen haben durch gewisse Situationen enorme Angst und dadurch auch das Gef\u00fchl langsam, aber sicher die Kontrolle zu verlieren. Eine starke\u00a0<\/p>\n\n\n\n<p>Auspr\u00e4gung von<strong>&nbsp;<\/strong>Unsicherheit und Kontrollverlust f\u00f6rdern das Entstehen von&nbsp;<\/p>\n\n\n\n<p>Verschw\u00f6rungstheorien. Wir Menschen wollen nicht glauben, dass Dinge aus reinem Zufall passieren und sind der Meinung, eine h\u00f6here Macht w\u00fcrde uns etwas Schlechtes antun. Aus diesem Grund versucht das Gehirn ein Muster zu finden, um Verbindungen herzustellen. Mit der Zeit w\u00e4chst ein kleines System von Argumenten, woraus eine Verschw\u00f6rung entpuppt. (vgl.&nbsp;www.youtube.com)&nbsp;<\/p>\n\n\n\n<p class=\"has-text-color has-text-align-center has-medium-font-size has-very-dark-gray-color\"><strong>Corona Verschw\u00f6rungstheorien&nbsp;&nbsp;<\/strong><\/p>\n\n\n\n<p>Gerade jetzt, in der heutigen Zeit sind Verschw\u00f6rungstheorien aktueller denn je.\u00a0Denn momentan kursieren einige Theorien, Mythen und Erkl\u00e4rungsversuche durch die ganze Welt. Es existieren zahlreiche Erkl\u00e4rungen dar\u00fcber, woher das Virus herkommt, wer in Wirklichkeit dahintersteckt und vor allem was damit bezweckt werden soll.\u00a0<\/p>\n\n\n\n<p class=\"has-text-color has-text-align-left has-medium-font-size has-cyan-bluish-gray-color\"><strong><em>Verschw\u00f6rungstheorie 1: \u201eEs ist ja eh harmlos. Nur eine Grippe\u201c\u00a0<\/em><\/strong><\/p>\n\n\n\n<p>Diese Theorie ist sehr weit verbreitet.\u00a0Die Idee von einer &#8222;normalen&#8220; Grippe hatte ihre\u00a0Pr\u00e4senz im J\u00e4nner und Februar.\u00a0Tats\u00e4chlich \u00e4hneln sich die Symptome wie Fieber, Halsschmerzen und Husten. Des Weiteren k\u00f6nnen beide Viren mit einer t\u00f6dlichen lebensbedrohlichen Lungenentz\u00fcndung enden.\u00a0\u00a0<\/p>\n\n\n\n<p>Ein wichtiger Unterschied ist jedoch, dass der Grippeverlauf milde verl\u00e4uft, da die Menschen oftmals immun sind. Dies ist bei dem Covid- 19 Virus nicht der Fall.&nbsp;<\/p>\n\n\n\n<p>Au\u00dferdem unterscheidet sich die Inkubationszeit. W\u00e4hrend die Zeitspanne bei dem Covid 19\u00a0Virus 14 Tage ben\u00f6tigt, betr\u00e4gt die Inkubationszeit bei einer herk\u00f6mmlichen Grippe nur 2 Tage. (vgl.\u00a0www.helios-gesundheit.de)\u00a0<\/p>\n\n\n\n<p class=\"has-text-color has-medium-font-size has-cyan-bluish-gray-color\"><strong><em>Verschw\u00f6rungstheorie 2: \u201eDie Biowaffe\u201c\u00a0<\/em><\/strong><\/p>\n\n\n\n<p>Ein weiterer Erkl\u00e4rungsversuch ist jener, dass das Corona Virus eine Biowaffe sei und im\u00a0Labor gez\u00fcchtet wurde. Das Covid 19 Virus sei eine M\u00f6glichkeit, um die \u00dcberbev\u00f6lkerung in China zu minimieren. Ein ausschlaggebender widerlegender Punkt ist, dass nicht nur China, sondern viele L\u00e4nder von dem Virus betroffen sind. Laut Wissenschaftler*innen kommt das Virus von einem Wildtiermarkt in Wuhan, China. (vgl.\u00a0www.mdr.de)\u00a0<\/p>\n\n\n\n<p class=\"has-text-color has-medium-font-size has-cyan-bluish-gray-color\"><strong><em>Verschw\u00f6rungstheorie <\/em><\/strong>3: <strong><em> \u201eSteckt Bill Gates hinter dem Corona- Virus?\u201c<\/em><\/strong><\/p>\n\n\n\n<p>Die Theorie geht davon aus, Bill Gates w\u00fcsste schon lange von dem Virus. Er h\u00e4tte das Ziel mit einem Impfstoff Milliarden zu verdienen. Folglich soll die Bev\u00f6lkerung durch ihre Angst gezwungen werden, sich zu impfen. Des Weiteren existieren viele Anh\u00e4nger*innen, welche behaupten, es w\u00fcrde w\u00e4hrend der Impfung ein Mikrochip in den K\u00f6rper injiziert werden, mit dem Ziel die Kontrolle \u00fcber die Menschen zu erhalten.&nbsp;&nbsp;<\/p>\n\n\n\n<p>Fakt ist, in \u00d6sterreich gibt es keinen Impfzwang. Eine Impfpflicht gegen das Coronavirus steht derzeit auch nicht zur Diskussion.\u00a0(vgl.\u00a0www.mdr.de)\u00a0<\/p>\n\n\n\n<figure class=\"wp-block-embed-youtube wp-block-embed is-type-video is-provider-youtube wp-embed-aspect-16-9 wp-has-aspect-ratio\"><div class=\"wp-block-embed__wrapper\">\n<iframe loading=\"lazy\" title=\"Bill Gates: CORONA-IMPFSTOFF ist die \u201edringendste Erfindung der Welt\u201c\" width=\"829\" height=\"466\" src=\"https:\/\/www.youtube.com\/embed\/EfLjUWk7LgQ?feature=oembed\" frameborder=\"0\" allow=\"accelerometer; autoplay; encrypted-media; gyroscope; picture-in-picture\" allowfullscreen><\/iframe>\n<\/div><figcaption>Quelle: YouTube<\/figcaption><\/figure>\n\n\n\n<p class=\"has-text-color has-medium-font-size has-cyan-bluish-gray-color\"><strong><em>Verschw\u00f6rungstheorie 4: \u201e5G verbreitet das Virus\u201c<\/em><\/strong><\/p>\n\n\n\n<p>Anh\u00e4nger sind der festen \u00dcberzeugung, die neuen 5G Sendemasten seinen an der Verbreitung des Virus schuld. Aus diesem Grund wurden einige Mobilfunkmasten in Brand gesetzt. Wissenschaftler*innen halten dies f\u00fcr absurd. Die WHO kl\u00e4rte die Menschen auf und verst\u00e4ndigte, dass eine Viren\u00fcbertragung durch die 5G Sendemasten nicht m\u00f6glich ist.\u00a0Die Technologie wird \u00fcber Masten durch Funkwellen \u00fcbertragen. Diese Sendemasten sind nicht-ionisierend, weshalb sie der menschlichen DNA auch nicht schaden k\u00f6nnen.\u00a0(vgl.\u00a0www.rnd.de)\u00a0<\/p>\n\n\n\n<figure class=\"wp-block-embed-youtube wp-block-embed is-type-video is-provider-youtube wp-embed-aspect-16-9 wp-has-aspect-ratio\"><div class=\"wp-block-embed__wrapper\">\n<iframe loading=\"lazy\" title=\"Funkmasten in Gro\u00dfbritannien wegen Coronavirus-Verschw\u00f6rungstheorie angez\u00fcndet\" width=\"829\" height=\"466\" src=\"https:\/\/www.youtube.com\/embed\/uXUQsfYeHhQ?feature=oembed\" frameborder=\"0\" allow=\"accelerometer; autoplay; encrypted-media; gyroscope; picture-in-picture\" allowfullscreen><\/iframe>\n<\/div><figcaption>Quelle: YouTube <\/figcaption><\/figure>\n\n\n\n<p style=\"color:#74787b\" class=\"has-text-color\"><strong>Warum verbreiten Menschen Theorien?&nbsp;<\/strong><\/p>\n\n\n\n<p>Die Ger\u00fcchte um COVID-19 waren zu Beginn harmlos im Umlauf, aber bald wurden die Medien \u00fcberflutet. Ein Sozialpsychologe an der Anglia Ruskin-Universit\u00e4t in Gro\u00dfbritannien, namens Viren Swami, meint:&nbsp;<\/p>\n\n\n\n<p>\u201eWir wissen, dass Menschen an so etwas glauben, wie z.B. sich mehr auf intuitives oder emotionales Denken zu verlassen. Wor\u00fcber wir hier haupts\u00e4chlich sprechen, ist ein Mangel an Entscheidungsfreiheit oder Kontrolle.\u201c&nbsp;&nbsp;<\/p>\n\n\n\n<p>Prof. Swami sagt, dass die Angst, Gef\u00fchle oder mangelnde Unterst\u00fctzung die Menschen dazu f\u00fchren kann, an Verschw\u00f6rungstheorien zu glauben. Es sind die Menschen betroffen, die keine Kontrolle und Macht dar\u00fcber haben, was in ihrer Umgebung passiert.&nbsp;&nbsp;<\/p>\n\n\n\n<p>Die starke Verbreitung all dieser Theorien durch soziale Netzwerke heizt alles noch weiter an. Die Verschw\u00f6rungstheorien verbreiten sich nach Swami schneller als Covid-19 selbst. Er meint auch, dass Verschw\u00f6rungstheoretikerInnen alle Beweise, die nicht ihrem Weltbild entsprechen, ablehnen und nur diese akzeptieren, die zu ihren \u00dcberzeugungen passen. Sie wollen auch keine Diskussionen f\u00fchren. (vgl.&nbsp;www.cordis.europa.eu)&nbsp;&nbsp;<\/p>\n\n\n\n<p><strong>Quelle:&nbsp;<\/strong><\/p>\n\n\n\n<p>In:\u00a0https:\/\/www.lks-bayern.de\/fileadmin\/user_upload\/user_upload\/news\/2020\/2020-04_INFOrex-Nr1-Web-1.pdf\u00a0(dl. 07.06.2020, 12:34)\u00a0<\/p>\n\n\n\n<p>In:&nbsp;https:\/\/www.youtube.com\/watch?v=lu-3Nv555rA&nbsp;(dl. 07.06.2020, 14:12)&nbsp;<\/p>\n\n\n\n<p>In:&nbsp;https:\/\/www.helios-gesundheit.de\/magazin\/corona\/news\/corona-versus-grippe-was-istgefaehrlicher\/&nbsp;(dl 08.06.2020, 15:47)&nbsp;<\/p>\n\n\n\n<p>In:\u00a0https:\/\/www.mdr.de\/brisant\/corona-verschwoerungstheorien-100.html\u00a0(dl. 08.06.2020,\u00a017:29)\u00a0<\/p>\n\n\n\n<p>In:&nbsp;https:\/\/www.mdr.de\/brisant\/corona-verschwoerungstheorien-100.html&nbsp;(dl. 08.06.2020, 17:55)&nbsp;<\/p>\n\n\n\n<p>In:\u00a0https:\/\/www.rnd.de\/panorama\/5g-und-corona-woher-kommt-dieverschworungstheorie-H2VRY2EJO5EBTMZAPHEE77TRYI.html\u00a0(dl. 09.06.2020, 09:17) In:\u00a0https:\/\/cordis.europa.eu\/article\/id\/415930-trending-science-why-covid-19-conspiracytheories-spread-faster-than-the-pandemic\/de\u00a0(dl. 11.06.2020, 14:19)\u00a0\u00a0<\/p>\n\n\n\n<p><em>Erstellt von:<\/em> Botoroaga Eveline, Grill Sophie, Suvajac Marijana, \u00d6zdogan Zeynep <\/p>\n","protected":false},"excerpt":{"rendered":"<p>Verschw\u00f6rungstheorien begleiten uns durchgehend. Die bekanntesten sind zum Bespiel, dass Elvis von Aliens entf\u00fchrt wurde, und er in Wahrheit noch lebt. Oder aber auch der Mord an Prinzessin Diana. Es kursiert die Erkl\u00e4rung, dass sie vom Geheimdienst ermordet wurde.&nbsp;&nbsp; Was <span class=\"readmore\"><a href=\"https:\/\/digimed.phwien.ac.at\/?p=4186\">Continue Reading<\/a><\/span><\/p>\n","protected":false},"author":94,"featured_media":0,"comment_status":"open","ping_status":"open","sticky":false,"template":"","format":"standard","meta":{"footnotes":""},"categories":[24],"tags":[],"class_list":["post-4186","post","type-post","status-publish","format-standard","hentry","category-tagebuch"],"_links":{"self":[{"href":"https:\/\/digimed.phwien.ac.at\/index.php?rest_route=\/wp\/v2\/posts\/4186","targetHints":{"allow":["GET"]}}],"collection":[{"href":"https:\/\/digimed.phwien.ac.at\/index.php?rest_route=\/wp\/v2\/posts"}],"about":[{"href":"https:\/\/digimed.phwien.ac.at\/index.php?rest_route=\/wp\/v2\/types\/post"}],"author":[{"embeddable":true,"href":"https:\/\/digimed.phwien.ac.at\/index.php?rest_route=\/wp\/v2\/users\/94"}],"replies":[{"embeddable":true,"href":"https:\/\/digimed.phwien.ac.at\/index.php?rest_route=%2Fwp%2Fv2%2Fcomments&post=4186"}],"version-history":[{"count":0,"href":"https:\/\/digimed.phwien.ac.at\/index.php?rest_route=\/wp\/v2\/posts\/4186\/revisions"}],"wp:attachment":[{"href":"https:\/\/digimed.phwien.ac.at\/index.php?rest_route=%2Fwp%2Fv2%2Fmedia&parent=4186"}],"wp:term":[{"taxonomy":"category","embeddable":true,"href":"https:\/\/digimed.phwien.ac.at\/index.php?rest_route=%2Fwp%2Fv2%2Fcategories&post=4186"},{"taxonomy":"post_tag","embeddable":true,"href":"https:\/\/digimed.phwien.ac.at\/index.php?rest_route=%2Fwp%2Fv2%2Ftags&post=4186"}],"curies":[{"name":"wp","href":"https:\/\/api.w.org\/{rel}","templated":true}]}}