{"id":4219,"date":"2020-07-11T14:26:15","date_gmt":"2020-07-11T12:26:15","guid":{"rendered":"http:\/\/podcampus.phwien.ac.at\/digimed\/?p=4219"},"modified":"2020-07-11T14:26:15","modified_gmt":"2020-07-11T12:26:15","slug":"vernetzung-globaler-austausch-uebers-internet","status":"publish","type":"post","link":"https:\/\/digimed.phwien.ac.at\/?p=4219","title":{"rendered":"Vernetzung \u2013 globaler Austausch \u00fcbers Internet"},"content":{"rendered":"\n<p class=\"has-medium-font-size\">Grenz\u00fcberschreitende Vernetzung \u00fcber Netzwerke ist ein wichtiger Aspekt der Globalisierung. Doch was bewirkt sie in der Gesellschaft, \u00d6konomie und Kultur?<\/p>\n\n\n\n<p>Vernetzung ist ein Ph\u00e4nomen, bei dem verschiedene Personen oder Personengruppen miteinander in Kontakt treten und durch ihr Handeln Ursache-Wirkungs-Beziehungen entstehen. Gerade in Zeiten, in denen Menschen miteinander inter- und transnational kommunizieren, wird die Rolle der Vernetzung in unserem Leben deutlich wichtiger. L\u00e4ngst ist das Netzwerk zu einem Meta-Medium des t\u00e4glichen Lebens und zu einem nat\u00fcrlichen Begleiter im Alltag geworden, immer und \u00fcberall. \u00dcber das Internet und mithilfe verschiedenster Tools wird kommuniziert und Information ausgetauscht. Vernetzung findet besonders auf sozialen Netzwerken in gr\u00f6\u00dferer Form statt. Diese Netzwerke dienen nicht nur zum Austausch und Informationszwecken, sondern werden auch als Plattformen f\u00fcr Meinungs- und Erfahrungsaustauch, aber auch f\u00fcr politische Bewegungen genutzt. Das schnelle Wachstum, der sozialen Medien zeigt, dass Konnektivit\u00e4t weniger ein technologischer, als vielmehr ein sozialer Prozess ist.<\/p>\n\n\n\n<p>Der deutlichste und plausibelste Indikator f\u00fcr den Megatrend der Konnektivit\u00e4t ist die Zunahme der Internetnutzung. Doch die Vernetzung ist kein Ph\u00e4nomen, das sich auf die westliche Welt beschr\u00e4nkt. Die meisten Online-Nutzer befinden sich in China, und mehr als die H\u00e4lfte der 20 L\u00e4nder, die Spitzenreiter in der sind, geh\u00f6ren zu den Schwellen- und Entwicklungsl\u00e4ndern. Soziale Netzwerke spielen eine wichtige Rolle bei der zunehmenden globalen Vernetzung. Fast die H\u00e4lfte aller \u00d6sterreicher und \u00d6sterreicherinnen nutzen sozialen Netzwerken.<\/p>\n\n\n\n<figure class=\"wp-block-image\"><a href=\"https:\/\/pixabay.com\/de\/vectors\/social-media-verbindungen-vernetzung-3846597\/\"><img decoding=\"async\" src=\"https:\/\/cdn.pixabay.com\/photo\/2018\/11\/29\/21\/51\/social-media-3846597__480.png\" alt=\"Social Media, Verbindungen, Vernetzung\" \/><\/a><figcaption>www.pixabay.com<\/figcaption><\/figure>\n\n\n\n<h2 class=\"wp-block-heading\">Netzkultur<\/h2>\n\n\n\n<p>Der Begriff \u201eNetzkultur&#8220; bezieht sich nicht auf &#8222;Internetkultur&#8220; oder &#8222;Cyberkultur&#8220;, also die ausschlie\u00dflichen kulturellen Formen des Internets, sondern allgemein auf die gegenw\u00e4rtige Herausbildung von Alltagskultur in zunehmend vernetzten Beziehungen. Eine solche Ver\u00e4nderung bezieht sich zwar auf den mit der Digitalisierung verbundenen Medienwandel, geht aber \u00fcber ihn hinaus. Der Soziologe Manuel Castells beschrieb mit seinem Konzept der Netzwerkgesellschaft, dass im Zusammenspiel von neuen technologischen Paradigmen und sozialer Organisation das &#8222;Netzwerk&#8220; zunehmend zum Prinzip der Gesellschaft geworden ist. Durch die grenz\u00fcberschreitenden Netzwerke entwickelt sich die Netzwerkgesellschaft zu einem globalen Ph\u00e4nomen.<\/p>\n\n\n\n<p>Castells bezeichnet die Kultur der Netzwerkgesellschaft als eine &#8222;Kultur der realen Virtualit\u00e4t&#8220;. Den aktuellen und nachhaltigen Kulturwandel argumentier Castells durch die Tatsache, dass Kultur im Allgemeinen durch Kommunikation vermittelt wird, so wie die kulturelle Bedeutungsproduktion in der Kommunikation im Besonderen verdeutlicht wird. In einer Zeit, in der sich die Kommunikationsformen mit der Einf\u00fchrung der digitalen Medien stark ver\u00e4ndern, kann dies als Ausdruck des kulturellen Wandels verstanden werden. Castells beschreibt daher die heutigen Netzkulturen als &#8222;Kultur der realen Virtualit\u00e4t&#8220;, weil sie &#8222;virtuell&#8220; in dem Sinne sind, dass sie auf symbolischen, medial vermittelten Handlungen beruhen. Diese Kulturen sind &#8222;real&#8220;, da sie den Raum des t\u00e4glichen Lebens bestimmen.<\/p>\n\n\n\n<p>\u201eVernetzter Individualismus&#8220; kann als die charakteristische soziale Form dieser vernetzten Kulturen identifiziert werden. Der Begriff des vernetzten Individualismus beschreibt die Tatsache, dass Menschen heutzutage als vorherrschende Form der Sozialit\u00e4t ihr Leben zunehmend in bestimmten und thematisch orientierten Netzwerken organisieren. Also f\u00fchren nicht nur die digitalen Medien, wie Mobiltelefone und Internet, zum &#8222;vernetzten Individualismus&#8220;, aber sie k\u00f6nnen dennoch als &#8222;materielle Unterst\u00fctzung&#8220; angesehen werde.<\/p>\n\n\n\n<h2 class=\"wp-block-heading\">Mobiler Internetzugang<\/h2>\n\n\n\n<p>Der mobile Netzzugang \u00fcber verschiedene technische Ger\u00e4te ist l\u00e4ngst zur Normalit\u00e4t geworden. In einer hypermobilen Gesellschaft wollen Menschen jederzeit und \u00fcberall Zugang zu E-Mail, sozialen Netzwerkprofilen und Informationen haben. Die Verbreitung von Smartphones macht dies f\u00fcr die Menschheit einfacher. Heute gibt es bereits sechs Milliarden Mobilfunkvertr\u00e4ge in der Welt; 2005 waren es noch 2,2 Milliarden, im Jahr 2000 nur 719 Millionen. Nahezu 16% der Weltbev\u00f6lkerung nutzen den mobilen Internetzugang, wobei ein gro\u00dfer Abstand zwischen Europa (36,6%) und Afrika (3,3%) liegt. Der mobile Handel wird auch zu einer wichtigen Triebkraft f\u00fcr den Handel der Zukunft. W\u00e4hrend Smartphones heute noch haupts\u00e4chlich dazu verwendet werden, Informationen zu Produkten abzurufen (62% der Smartphone-Nutzer), werden sie in der nahen Zukunft f\u00fcr den Kauf selbst genutzt. Der Anteil der M-Commerce-Verk\u00e4ufe wird in den kommenden Jahren deutlich zunehmen und der Markanteil dieser Branche wird immer gr\u00f6\u00dfer.<\/p>\n\n\n\n<h2 class=\"wp-block-heading\">Datierung der Welt<\/h2>\n\n\n\n<p>Jede T\u00e4tigkeit im Netz hinterl\u00e4sst Spuren von Daten. Neben Computern, Mobiltelefonen und Webanwendungen sammeln auch Autos, H\u00e4ndler mit Bonusprogrammen, medizinische Ger\u00e4te usw. unsere Daten. Big Data nennt man diese riesige Datenmenge die unm\u00f6glich zu bearbeiten und filtrieren ist durch Standarttools. Bereits heute existieren in der digitalen Welt 2,7 Zettabytes (1 Zettabyte = 10 hoch 21 Bytes) an Daten. Es wird gesch\u00e4tzt, dass bis 2020 jedes Jahr 35 Zettabytes an Daten produziert werden. Dies entspricht einem j\u00e4hrlichen Wachstum von 60%. Jeden Monat werden drei Milliarden Inhalte auf Facebook online gestellt. Jeden Tag werden Milliarden von Textnachrichten und Millionen Nachrichten \u00fcber soziale Netzwerke und Blogs verschickt. Die Herausforderung besteht nun darin, die gesammelten Daten sinnvoll zu organisiere, zu bewerten und zu interpretieren. Diese Daten verursachen nicht nur gro\u00dfe Ver\u00e4nderung in der Gesellschaft und der Kultur, sondern nutzen auch Unternehmen Kundenverhalten und Vorlieben zu erkennen und ihr Angebot den Kunden passend zu gestalten.<\/p>\n\n\n\n<h2 class=\"wp-block-heading\">Social Media Marketing<\/h2>\n\n\n\n<p>Die Konnektivit\u00e4t f\u00fchrt unteranderem auch zu verschiedenen M\u00f6glichkeiten im Handel. Eines dieser M\u00f6glichkeiten ist das Social Media Marketing (kurz SMM). SMM macht von den verschiedenen Formen der sozialen Medien Gebrauch, um potenzielle Abnehmer und Abnehmerinnen eines Unternehmens zu erreichen. Die Basis und essenziellen Bausteine eines erfolgreichen SMM sind der Kontakt mit den Nutzern, Authentizit\u00e4t, Ehrlichkeit, Transparenz in der Kommunikation und Kritikf\u00e4higkeit. Dadurch soll eine Vertrauensbasis geschaffen und loyale Kundschaft gewonnen werden. Die starke Vernetzung auf sozialen Medien spielt dabei eine gro\u00dfe Rolle, da Inhalte viel schneller verbreitet und im besten Fall viral werden. Jedoch muss bedacht werden, dass im Negativfall Missgeschicke sich auch schnell verbreiten und eine Welle von Kritik und Shitstorm verursachen k\u00f6nnen. Trotz dessen gibt es sowohl international auch national viele Unternehmer und Unternehmerinnen, die diese Schiene des Marketings gew\u00e4hlt haben. Eine davon ist die Merve K\u00f6rpe, eine junge \u00f6sterreichische Kleinunternehmerin, die ihre personalisierten Stickereien unter ihrem Instagram-Benutzernamen @myworldofcrossstitch verkauft. Im Folgenden finden Sie einen Podcast zum Thema Social Media Marketing mit den Erfahrung der Unternehmerin in diesem Bereich und Tipps und Tricks f\u00fcr Neueinsteiger und Neueisteigerinnen dieser Marketingschiene.<\/p>\n\n\n\n<figure class=\"wp-block-audio\"><audio controls src=\"https:\/\/podcampus.phwien.ac.at\/digimed\/files\/2020\/07\/SocialMediaMarketing_Podcast_G\u00dcND\u00dcZ.mp3\"><\/audio><figcaption>Interview mit Merve K\u00f6rpe<\/figcaption><\/figure>\n\n\n\n<p class=\"has-medium-font-size\">Quellen <\/p>\n\n\n\n<p>Hepp, A. (2010). Netzwerk und Kultur. In <em>Handbuch Netzwerkforschung<\/em> (pp. 227-234). VS Verlag f\u00fcr Sozialwissenschaften. Abgerufen 08.07.2020 von <a href=\"https:\/\/www.academia.edu\/7990893\/Netzwerk_und_Kultur\">https:\/\/www.academia.edu\/7990893\/Netzwerk_und_Kultur<\/a><\/p>\n\n\n\n<p>Kraus &amp; Partner. (o.D.). Vernetzung \u2013 Definition. Abgerufen 08.07.2020 von <a href=\"https:\/\/www.kraus-und-partner.de\/wissen-und-co\/wiki\/vernetzung\">https:\/\/www.kraus-und-partner.de\/wissen-und-co\/wiki\/vernetzung<\/a><\/p>\n\n\n\n<p>Schuldt, C. (2012). Konnektivit\u00e4t: Die Vernetzung der Welt. Zukunftsinstitut. Abgerufen 08.07.2020 von <a href=\"https:\/\/www.zukunftsinstitut.de\/artikel\/konnektivitaet-die-vernetzung-der-welt\/\">https:\/\/www.zukunftsinstitut.de\/artikel\/konnektivitaet-die-vernetzung-der-welt\/<\/a><\/p>\n\n\n\n<p>Wirtschaftskammern \u00d6sterreichs. (April 2020). SOCIAL MEDIA ERFOLGREICH NUTZEN. Abgerufen 08.07.2020 von <a href=\"https:\/\/www.wko.at\/service\/innovation-technologie-digitalisierung\/wko-guide-social-media.pdf\">https:\/\/www.wko.at\/service\/innovation-technologie-digitalisierung\/wko-guide-social-media.pdf<\/a><\/p>\n\n\n\n<p>Kreutzer, R. T., &amp; Hinz, J. (2010). M\u00f6glichkeiten und Grenzen von Social Media Marketing (No. 58). Working Papers of the Institute of Management Berlin at the Berlin School of Economics and Law (HWR Berlin). Abgerufen 08.07.2020 von <a href=\"https:\/\/www.econstor.eu\/bitstream\/10419\/74329\/1\/746045727.pdf\">https:\/\/www.econstor.eu\/bitstream\/10419\/74329\/1\/746045727.pdf<\/a><\/p>\n\n\n\n<p><\/p>\n","protected":false},"excerpt":{"rendered":"<p>Grenz\u00fcberschreitende Vernetzung \u00fcber Netzwerke ist ein wichtiger Aspekt der Globalisierung. Doch was bewirkt sie in der Gesellschaft, \u00d6konomie und Kultur? Vernetzung ist ein Ph\u00e4nomen, bei dem verschiedene Personen oder Personengruppen miteinander in Kontakt treten und durch ihr Handeln Ursache-Wirkungs-Beziehungen entstehen. <span class=\"readmore\"><a href=\"https:\/\/digimed.phwien.ac.at\/?p=4219\">Continue Reading<\/a><\/span><\/p>\n","protected":false},"author":95,"featured_media":0,"comment_status":"open","ping_status":"open","sticky":false,"template":"","format":"standard","meta":{"footnotes":""},"categories":[24,40],"tags":[176,433,319,322,368],"class_list":["post-4219","post","type-post","status-publish","format-standard","hentry","category-tagebuch","category-vernetzung","tag-internet","tag-iwg-5-20","tag-social-media","tag-soziale-netzwerke","tag-vernetzung"],"_links":{"self":[{"href":"https:\/\/digimed.phwien.ac.at\/index.php?rest_route=\/wp\/v2\/posts\/4219","targetHints":{"allow":["GET"]}}],"collection":[{"href":"https:\/\/digimed.phwien.ac.at\/index.php?rest_route=\/wp\/v2\/posts"}],"about":[{"href":"https:\/\/digimed.phwien.ac.at\/index.php?rest_route=\/wp\/v2\/types\/post"}],"author":[{"embeddable":true,"href":"https:\/\/digimed.phwien.ac.at\/index.php?rest_route=\/wp\/v2\/users\/95"}],"replies":[{"embeddable":true,"href":"https:\/\/digimed.phwien.ac.at\/index.php?rest_route=%2Fwp%2Fv2%2Fcomments&post=4219"}],"version-history":[{"count":0,"href":"https:\/\/digimed.phwien.ac.at\/index.php?rest_route=\/wp\/v2\/posts\/4219\/revisions"}],"wp:attachment":[{"href":"https:\/\/digimed.phwien.ac.at\/index.php?rest_route=%2Fwp%2Fv2%2Fmedia&parent=4219"}],"wp:term":[{"taxonomy":"category","embeddable":true,"href":"https:\/\/digimed.phwien.ac.at\/index.php?rest_route=%2Fwp%2Fv2%2Fcategories&post=4219"},{"taxonomy":"post_tag","embeddable":true,"href":"https:\/\/digimed.phwien.ac.at\/index.php?rest_route=%2Fwp%2Fv2%2Ftags&post=4219"}],"curies":[{"name":"wp","href":"https:\/\/api.w.org\/{rel}","templated":true}]}}