{"id":4319,"date":"2021-01-20T21:34:47","date_gmt":"2021-01-20T20:34:47","guid":{"rendered":"https:\/\/digimed.phwien.ac.at\/?p=4319"},"modified":"2021-01-20T21:34:47","modified_gmt":"2021-01-20T20:34:47","slug":"nutzung-von-twitter-an-den-beispielen-donald-trump-und-alexander-van-der-bellen","status":"publish","type":"post","link":"https:\/\/digimed.phwien.ac.at\/?p=4319","title":{"rendered":"Nutzung von Twitter an den Beispielen: Donald Trump und Alexander Van der Bellen"},"content":{"rendered":"\n<p style=\"font-size:10px\">von Anita Jobst, Franziska Gabl, Michaela Eschlb\u00f6ck, Mario Grasinger<\/p>\n\n\n\n<p>In unserem Blog m\u00f6chten wir \u00fcber das Thema Medienethik berichten. Politiker setzen mittlerweile stark auf soziale Medien und sind dort sehr pr\u00e4sent. Wir stellen uns die Frage, wie soziale Medien von Menschen wie Donald Trump und Alexander Van der Bellen genutzt werden. Um eine aussagekr\u00e4ftige Gegen\u00fcberstellung zu zeigen, haben wir uns n\u00e4her mit den Twitter und Facebook Accounts beider Herrschaften besch\u00e4ftigt. Besonders in den Bereichen Linguistik und sprachlicher Ausdruck, Anzahl der Worte, Anzahl der Tweets und Reaktionen auf verschiedene Ereignisse gibt es entscheidende Unterschiede.&nbsp;<\/p>\n\n\n\n<p>W\u00e4hrend die Sprache von Alexander Van der Bellen eher gehoben ist, bedient sich Trump einer sehr schlichten und direkten Ausdrucksweise. Van der Bellen postet t\u00e4glich 1-2 Tweets, wobei sie l\u00e4ngere S\u00e4tze, viel Bildmaterial, Fotos und Videos zeigen. Auffallend ist, dass er sich nicht nur in Deutsch \u00e4u\u00dfert, sondern auch andere Sprachen wie beispielsweise Kroatisch oder Englisch verwendet. Sein Schreibstil ist&nbsp;sehr diplomatisch und unparteiisch.&nbsp;Er \u00e4u\u00dfert sich zu&nbsp;Themen wie dem SOS Kinderdorf, dem j\u00fcdischen Fest Chanukka oder ehrenamtliche T\u00e4tigkeiten.&nbsp;Immer wieder&nbsp;erinnert er in seinen Tweets an die W\u00fcrde des Menschen, Gemeinschaft und gegenseitigen Respekt.<\/p>\n\n\n\n<p>Donald Trump kommuniziert direkt, freim\u00fctig und schlicht. T\u00e4glich postet er durchschnittlich 15 Tweets. Er spricht sehr pers\u00f6nlich und verwendet oft Pronomen wie \u201cdu\u201d und \u201cwir\u201d. Seine Sprache ist Teil seines Erfolgs und fast so etwas wie sein Markenzeichen. Seine \u00c4u\u00dferungen sind knapp, nicht allzu kompliziert, oft nicht ganz korrekt, aber immer mit gro\u00dfer Zuversicht und vor allem mit sehr viel Selbstbewusstsein vorgetragen. Der Slogan \u201cMake America great again!\u201d ist allen Menschen bekannt. Daf\u00fcr gab es weit \u00fcber 1 Mio. Reaktionen. Trump ist eine polarisierende Pers\u00f6nlichkeit, seine Tweets teilweise rassistisch und diskriminierend.&nbsp;<\/p>\n\n\n\n<p>In j\u00fcngster Vergangenheit gab es Ereignisse, auf die beide Herrschaften v\u00f6llig unterschiedlich reagiert haben. Auf die aktuelle Corona Situation reagierte Trump mit Beschwichtigung. Seiner Meinung nach wurde dem \u201eChina-Virus\u201c in den Medien zu viel Raum gegeben. Er f\u00fchlte sich davon in seinem Wahlkampf gest\u00f6rt und warnte immer wieder vor Fake-News. Van der Bellen hingegen informiert regelm\u00e4\u00dfig in sachlicher Weise \u00fcber die aktuelle Lage und appelliert oft an \u00d6sterreichs Gemeinschaft und Zusammenhalt.&nbsp;<\/p>\n\n\n\n<p>Der Wahlsieg von Joe Biden hat Trump all seine W\u00fcrde gekostet. Er hat den Sieg Bidens nicht anerkannt und spricht in unz\u00e4hligen Tweets von Wahlmanipulation. Letztendlich wurde Trumps Twitter Account gesperrt. Van der Bellen hingegen sprach dem neuen Pr\u00e4sidenten auf Deutsch und Englisch seine besten Gl\u00fcckw\u00fcnsche aus. Trumps Verhalten in Bezug auf Medienethik ist mehr als fragw\u00fcrdig. Bei Medienethik geht es um den Anspruch des moralischen Handelns bei der Verbreitung von Medien.&nbsp;Dadurch, dass Twitter ein Privatunternehmen ist, wirft es nun die Frage in den Raum, ob Twitter solch eine Entscheidung \u00fcberhaupt f\u00e4llen darf.<\/p>\n\n\n\n<p>Nat\u00fcrlich darf Twitter seine eigenen Spielregeln aufstellen und auf der Plattform umsetzen was sie f\u00fcr richtig halten.&nbsp;<\/p>\n\n\n\n<p>Allerdings hat Twitter bereits eine Globale Reichweite, welche einen gro\u00dfen Einfluss auf die Meinungen der einzelnen Nutzer haben. H\u00e4tte Twitter wohlm\u00f6glich schon viel fr\u00fcher eingreifen sollen? Oder h\u00e4tten sie gar nicht eingreifen sollen?<\/p>\n\n\n\n<p>Wer h\u00e4tte ansonsten diese Entscheidung treffen sollen? Wohlm\u00f6glich w\u00fcrde eine Regelung wie im \u00f6ffentlich, rechtlichen Rundfunk zu einer w\u00fcnschenswerten L\u00f6sung f\u00fchren. Dadurch wird die Entscheidung von unabh\u00e4ngigen Gremien getroffen.<\/p>\n\n\n\n<p>Wenn man danach geht, k\u00f6nnte man sagen, dass Twitter den Account von Donald Trump schon fr\u00fcher h\u00e4tte sperren k\u00f6nnen, vielleicht h\u00e4tte damit sogar der Coup auf das Kapitol abgewehrt werden k\u00f6nnen!<\/p>\n\n\n\n<p><\/p>\n\n\n\n<h2 class=\"wp-block-heading\">Quellen:<\/h2>\n\n\n\n<p><a href=\"https:\/\/twitter.com\/vanderbellen\">https:\/\/twitter.com\/vanderbellen<\/a><\/p>\n\n\n\n<p><a href=\"https:\/\/www.arte.tv\/de\/videos\/094279-178-A\/twitter-sperrt-trump-wer-bestimmt-die-grenzen-der-meinungsfreiheit\/\">https:\/\/www.arte.tv\/de\/videos\/094279-178-A\/twitter-sperrt-trump-wer-bestimmt-die-grenzen-der-meinungsfreiheit\/<\/a><\/p>\n","protected":false},"excerpt":{"rendered":"<p>von Anita Jobst, Franziska Gabl, Michaela Eschlb\u00f6ck, Mario Grasinger In unserem Blog m\u00f6chten wir \u00fcber das Thema Medienethik berichten. Politiker setzen mittlerweile stark auf soziale Medien und sind dort sehr pr\u00e4sent. Wir stellen uns die Frage, wie soziale Medien von <span class=\"readmore\"><a href=\"https:\/\/digimed.phwien.ac.at\/?p=4319\">Continue Reading<\/a><\/span><\/p>\n","protected":false},"author":111,"featured_media":0,"comment_status":"open","ping_status":"open","sticky":false,"template":"","format":"standard","meta":{"footnotes":""},"categories":[31,36,10,27],"tags":[131,230,232,454,235,236],"class_list":["post-4319","post","type-post","status-publish","format-standard","hentry","category-fake-news","category-medienethik","category-medienkompetenz","category-wissens-und-informationsgesellschaft","tag-fakenews","tag-medien","tag-medienbildung","tag-medienethik","tag-medienkompetenz","tag-medienpadagogik"],"_links":{"self":[{"href":"https:\/\/digimed.phwien.ac.at\/index.php?rest_route=\/wp\/v2\/posts\/4319","targetHints":{"allow":["GET"]}}],"collection":[{"href":"https:\/\/digimed.phwien.ac.at\/index.php?rest_route=\/wp\/v2\/posts"}],"about":[{"href":"https:\/\/digimed.phwien.ac.at\/index.php?rest_route=\/wp\/v2\/types\/post"}],"author":[{"embeddable":true,"href":"https:\/\/digimed.phwien.ac.at\/index.php?rest_route=\/wp\/v2\/users\/111"}],"replies":[{"embeddable":true,"href":"https:\/\/digimed.phwien.ac.at\/index.php?rest_route=%2Fwp%2Fv2%2Fcomments&post=4319"}],"version-history":[{"count":1,"href":"https:\/\/digimed.phwien.ac.at\/index.php?rest_route=\/wp\/v2\/posts\/4319\/revisions"}],"predecessor-version":[{"id":4320,"href":"https:\/\/digimed.phwien.ac.at\/index.php?rest_route=\/wp\/v2\/posts\/4319\/revisions\/4320"}],"wp:attachment":[{"href":"https:\/\/digimed.phwien.ac.at\/index.php?rest_route=%2Fwp%2Fv2%2Fmedia&parent=4319"}],"wp:term":[{"taxonomy":"category","embeddable":true,"href":"https:\/\/digimed.phwien.ac.at\/index.php?rest_route=%2Fwp%2Fv2%2Fcategories&post=4319"},{"taxonomy":"post_tag","embeddable":true,"href":"https:\/\/digimed.phwien.ac.at\/index.php?rest_route=%2Fwp%2Fv2%2Ftags&post=4319"}],"curies":[{"name":"wp","href":"https:\/\/api.w.org\/{rel}","templated":true}]}}