{"id":553,"date":"2014-03-29T00:15:58","date_gmt":"2014-03-28T22:15:58","guid":{"rendered":"http:\/\/podcampus.phwien.ac.at\/digimed\/?p=553"},"modified":"2014-03-29T00:15:58","modified_gmt":"2014-03-28T22:15:58","slug":"exkursion-media-wien","status":"publish","type":"post","link":"https:\/\/digimed.phwien.ac.at\/?p=553","title":{"rendered":"Exkursion Media Wien"},"content":{"rendered":"<p>Bei dem Exkursionsziel Media Wien, haben wir Studenten Informationen erhalten, was Media Wien ist und welche M\u00f6glichkeiten es f\u00fcr Lehrer bzw. Lehramtsstudenten bietet.<\/p>\n<p>Wir haben einen \u00dcberblick \u00fcber die Themenboxen (Besuch Lager), Bilderbuchkinos und Lehrfilme bekommen. Ebenso wurde uns gezeigt, wie die Buchung\/Reservierung der genannten Materialien funktioniert (Tipps Reservierung beliebter Themen).<\/p>\n<p>Als Abschluss waren wir noch im Hauseigenen Kinosaal, wo wir 4 Lehrfilme gezeigt bekommen haben. Es handelte sich hierbei um 3 nicht so gelungene Lehrfilme und einen gelungenen Film. Nach jedem Film haben wir besprochen, was uns aufgefallen ist, was gut oder schlecht war. (Filme: Fabrik, Arbeit zu Hause, 2x Aufkl\u00e4rung- Sexualerziehung)<\/p>\n<p>Mein Fazit f\u00fcr diese Exkursion ist sehr positiv, jedoch ist sie nur f\u00fcr Studenten bzw. Lehrer\/innen. Mit den Sch\u00fcler\/innen kann man jedoch auch vorbeikommen und zum Beispiel in die Bibliothek gehen, die sich im Haus befindet.<\/p>\n<p>Bilderbuchkino: <a href=\"http:\/\/podcampus.phwien.ac.at\/digimed\/files\/2014\/03\/AR01921-007_ich-bin-der-staerkste-im-ganzen-land_1.jpg\"><img loading=\"lazy\" decoding=\"async\" class=\"aligncenter size-medium wp-image-554\" src=\"http:\/\/podcampus.phwien.ac.at\/digimed\/files\/2014\/03\/AR01921-007_ich-bin-der-staerkste-im-ganzen-land_1-213x300.jpg\" alt=\"\" width=\"213\" height=\"300\" srcset=\"https:\/\/digimed.phwien.ac.at\/wp-content\/uploads\/2014\/03\/AR01921-007_ich-bin-der-staerkste-im-ganzen-land_1-213x300.jpg 213w, https:\/\/digimed.phwien.ac.at\/wp-content\/uploads\/2014\/03\/AR01921-007_ich-bin-der-staerkste-im-ganzen-land_1.jpg 426w\" sizes=\"auto, (max-width: 213px) 100vw, 213px\" \/><\/a><\/p>\n<h1>Beispiel einer Themenbox:<\/h1>\n<div>\n<h4>\u00d6kosystem Regenwald<\/h4>\n<\/div>\n<h1>Inhalt der Themenbox:<\/h1>\n<p><a href=\"http:\/\/podcampus.phwien.ac.at\/digimed\/files\/2014\/03\/image.php_.jpg\"><img loading=\"lazy\" decoding=\"async\" class=\"aligncenter size-thumbnail wp-image-555\" src=\"http:\/\/podcampus.phwien.ac.at\/digimed\/files\/2014\/03\/image.php_-150x150.jpg\" alt=\"\" width=\"150\" height=\"150\" \/><\/a><br \/>\nDie <strong>Altersempfehlungen<\/strong> sind <strong>Richtwerte<\/strong> der Verlage, die sich an durchschnittlicher Lesekompetenz, Sachverst\u00e4ndnis und Sprachgel\u00e4ufigkeit orientieren.<\/p>\n<table width=\"464\" bgcolor=\"#a29f9f\">\n<tbody>\n<tr>\n<td><strong><span style=\"color: white\">Titel<\/span><\/strong><\/td>\n<td><strong><span style=\"color: white\">Alter<\/span><\/strong><\/td>\n<td><strong><span style=\"color: white\">Autor \/ Autorin<\/span><\/strong><\/td>\n<td><strong><span style=\"color: white\">Verlag<\/span><\/strong><\/td>\n<td><strong><span style=\"color: white\">Reihe<\/span><\/strong><\/td>\n<td><strong><span style=\"color: white\">Jahr<\/span><\/strong><\/td>\n<\/tr>\n<tr>\n<td bgcolor=\"#f6f8f9\">Abenteuer Regenwald<\/td>\n<td bgcolor=\"#f6f8f9\">8<\/td>\n<td bgcolor=\"#f6f8f9\">Hofer, Angelika<\/td>\n<td bgcolor=\"#f6f8f9\">Buch Verlag Kempen<\/td>\n<td bgcolor=\"#f6f8f9\"><\/td>\n<td bgcolor=\"#f6f8f9\">2006<\/td>\n<\/tr>\n<tr>\n<td bgcolor=\"#f6f8f9\">Blauer Planet<\/td>\n<td bgcolor=\"#f6f8f9\">9<\/td>\n<td bgcolor=\"#f6f8f9\">Wettervogel, Ben ; ..<\/td>\n<td bgcolor=\"#f6f8f9\">Kosmos<\/td>\n<td bgcolor=\"#f6f8f9\"><\/td>\n<td bgcolor=\"#f6f8f9\">2009<\/td>\n<\/tr>\n<tr>\n<td bgcolor=\"#f6f8f9\">Das Dschungelbuch<\/td>\n<td bgcolor=\"#f6f8f9\">8<\/td>\n<td bgcolor=\"#f6f8f9\"><\/td>\n<td bgcolor=\"#f6f8f9\">Coppenrath<\/td>\n<td bgcolor=\"#f6f8f9\"><\/td>\n<td bgcolor=\"#f6f8f9\">2010<\/td>\n<\/tr>\n<tr>\n<td bgcolor=\"#f6f8f9\">Das Dschungelbuch<\/td>\n<td bgcolor=\"#f6f8f9\">10<\/td>\n<td bgcolor=\"#f6f8f9\"><\/td>\n<td bgcolor=\"#f6f8f9\">wissenmedia<\/td>\n<td bgcolor=\"#f6f8f9\">Brockhaus Literaturcomics<\/td>\n<td bgcolor=\"#f6f8f9\">2012<\/td>\n<\/tr>\n<tr>\n<td bgcolor=\"#f6f8f9\">Der Regenwald<\/td>\n<td bgcolor=\"#f6f8f9\">10<\/td>\n<td bgcolor=\"#f6f8f9\">Mertiny, Andrea<\/td>\n<td bgcolor=\"#f6f8f9\">Tessloff<\/td>\n<td bgcolor=\"#f6f8f9\">Was ist Was<\/td>\n<td bgcolor=\"#f6f8f9\">2010<\/td>\n<\/tr>\n<tr>\n<td bgcolor=\"#f6f8f9\">Emmas SchokoLaden<\/td>\n<td bgcolor=\"#f6f8f9\">8<\/td>\n<td bgcolor=\"#f6f8f9\">Sigg, Stephan<\/td>\n<td bgcolor=\"#f6f8f9\">MVG<\/td>\n<td bgcolor=\"#f6f8f9\"><\/td>\n<td bgcolor=\"#f6f8f9\">2009<\/td>\n<\/tr>\n<tr>\n<td bgcolor=\"#f6f8f9\">Globalisierung<\/td>\n<td bgcolor=\"#f6f8f9\">12<\/td>\n<td bgcolor=\"#f6f8f9\">Schneider, Gerd<\/td>\n<td bgcolor=\"#f6f8f9\">Arena<\/td>\n<td bgcolor=\"#f6f8f9\"><\/td>\n<td bgcolor=\"#f6f8f9\">2008<\/td>\n<\/tr>\n<tr>\n<td bgcolor=\"#f6f8f9\">Hexe Lilli auf der Jagd nach dem verlorenen Schatz<\/td>\n<td bgcolor=\"#f6f8f9\">8<\/td>\n<td bgcolor=\"#f6f8f9\">Knister<\/td>\n<td bgcolor=\"#f6f8f9\">Arena<\/td>\n<td bgcolor=\"#f6f8f9\"><\/td>\n<td bgcolor=\"#f6f8f9\">2003<\/td>\n<\/tr>\n<tr>\n<td bgcolor=\"#f6f8f9\">Lernwerkstatt Der Regenwald<\/td>\n<td bgcolor=\"#f6f8f9\">0<\/td>\n<td bgcolor=\"#f6f8f9\">Scheller, Anne<\/td>\n<td bgcolor=\"#f6f8f9\">Kohl<\/td>\n<td bgcolor=\"#f6f8f9\"><\/td>\n<td bgcolor=\"#f6f8f9\">2009<\/td>\n<\/tr>\n<tr>\n<td bgcolor=\"#f6f8f9\">Mit Anne und Philipp im Regenwald<\/td>\n<td bgcolor=\"#f6f8f9\">8<\/td>\n<td bgcolor=\"#f6f8f9\">Osborne, Will \/ Osborne, Mary Pope<\/td>\n<td bgcolor=\"#f6f8f9\">Loewe<\/td>\n<td bgcolor=\"#f6f8f9\">Das magische Baumhaus<\/td>\n<td bgcolor=\"#f6f8f9\">2005<\/td>\n<\/tr>\n<tr>\n<td bgcolor=\"#f6f8f9\">R wie Regenwald<\/td>\n<td bgcolor=\"#f6f8f9\">8<\/td>\n<td bgcolor=\"#f6f8f9\">Steghaus-Kovac, Sabine<\/td>\n<td bgcolor=\"#f6f8f9\">Tessloff<\/td>\n<td bgcolor=\"#f6f8f9\"><\/td>\n<td bgcolor=\"#f6f8f9\">2010<\/td>\n<\/tr>\n<tr>\n<td bgcolor=\"#f6f8f9\">Regenwald<\/td>\n<td bgcolor=\"#f6f8f9\">10<\/td>\n<td bgcolor=\"#f6f8f9\">Vogt, Richard C.<\/td>\n<td bgcolor=\"#f6f8f9\">Oetinger<\/td>\n<td bgcolor=\"#f6f8f9\">insider Wissen<\/td>\n<td bgcolor=\"#f6f8f9\">2009<\/td>\n<\/tr>\n<tr>\n<td bgcolor=\"#f6f8f9\">Regenwald<\/td>\n<td bgcolor=\"#f6f8f9\">10<\/td>\n<td bgcolor=\"#f6f8f9\"><\/td>\n<td bgcolor=\"#f6f8f9\">Dorling Kindersley<\/td>\n<td bgcolor=\"#f6f8f9\">memo Wissen entdecken<\/td>\n<td bgcolor=\"#f6f8f9\">2011<\/td>\n<\/tr>\n<tr>\n<td bgcolor=\"#f6f8f9\">Regenwald und Deschungelwelt<\/td>\n<td bgcolor=\"#f6f8f9\">0<\/td>\n<td bgcolor=\"#f6f8f9\">Budde, Pit \/ Kronfli, Josephine<\/td>\n<td bgcolor=\"#f6f8f9\">\u00d6kotopia<\/td>\n<td bgcolor=\"#f6f8f9\"><\/td>\n<td bgcolor=\"#f6f8f9\">2010<\/td>\n<\/tr>\n<tr>\n<td bgcolor=\"#f6f8f9\">Rette die Erde<\/td>\n<td bgcolor=\"#f6f8f9\">10<\/td>\n<td bgcolor=\"#f6f8f9\">Hough, Rich<\/td>\n<td bgcolor=\"#f6f8f9\">Kosmos<\/td>\n<td bgcolor=\"#f6f8f9\"><\/td>\n<td bgcolor=\"#f6f8f9\">2008<\/td>\n<\/tr>\n<tr>\n<td bgcolor=\"#f6f8f9\">Schokologie (inkl. CD-ROM)<\/td>\n<td bgcolor=\"#f6f8f9\">0<\/td>\n<td bgcolor=\"#f6f8f9\">Rohloff, Christiane ; Vogelpohl, Monika<\/td>\n<td bgcolor=\"#f6f8f9\">Verbraucherzentrale NRW<\/td>\n<td bgcolor=\"#f6f8f9\"><\/td>\n<td bgcolor=\"#f6f8f9\">2010<\/td>\n<\/tr>\n<tr>\n<td bgcolor=\"#f6f8f9\">Themenheft Schatzkammer Regenwald<\/td>\n<td bgcolor=\"#f6f8f9\">0<\/td>\n<td bgcolor=\"#f6f8f9\"><\/td>\n<td bgcolor=\"#f6f8f9\">Buch Verlag Kempen<\/td>\n<td bgcolor=\"#f6f8f9\"><\/td>\n<td bgcolor=\"#f6f8f9\">2010<\/td>\n<\/tr>\n<tr>\n<td bgcolor=\"#f6f8f9\">Verschollen im Regenwald<\/td>\n<td bgcolor=\"#f6f8f9\">9<\/td>\n<td bgcolor=\"#f6f8f9\">Holler, Ren\u00e9e<\/td>\n<td bgcolor=\"#f6f8f9\">Loewe<\/td>\n<td bgcolor=\"#f6f8f9\"><\/td>\n<td bgcolor=\"#f6f8f9\">2009<\/td>\n<\/tr>\n<tr>\n<td bgcolor=\"#f6f8f9\">Warum regnet es im Regenwald?<\/td>\n<td bgcolor=\"#f6f8f9\">6<\/td>\n<td bgcolor=\"#f6f8f9\">Berger, Ulrike<\/td>\n<td bgcolor=\"#f6f8f9\">Velber<\/td>\n<td bgcolor=\"#f6f8f9\"><\/td>\n<td bgcolor=\"#f6f8f9\">2008<\/td>\n<\/tr>\n<\/tbody>\n<\/table>\n<p><strong>Folgende Filme passen auch zur Themenbox:<\/strong><\/p>\n<table width=\"100%\" bgcolor=\"#a29f9f\">\n<tbody>\n<tr>\n<td><strong><span style=\"color: white\">MedienNr.<\/span><\/strong><\/td>\n<td><strong><span style=\"color: white\">\u00a0\u00a0Art\u00a0\u00a0<\/span><\/strong><\/td>\n<td><strong><span style=\"color: white\">Haupttitel<\/span><\/strong><\/td>\n<\/tr>\n<tr>\n<td bgcolor=\"#f6f8f9\"><a href=\"http:\/\/www.medienverleih.mediawien.at\/index.php?id=229&amp;mediennummer=4651499\" target=\"_blank\" rel=\"noopener noreferrer\">4651499<\/a><\/td>\n<td bgcolor=\"#f6f8f9\"><img decoding=\"async\" src=\"http:\/\/www.medienverleih.mediawien.at\/fileadmin\/template\/img\/46k.gif\" alt=\"\" \/><\/td>\n<td bgcolor=\"#f6f8f9\">Treibhauseffekt und Ozonloch<\/td>\n<\/tr>\n<tr>\n<td bgcolor=\"#f6f8f9\"><a href=\"http:\/\/www.medienverleih.mediawien.at\/index.php?id=229&amp;mediennummer=4651479\" target=\"_blank\" rel=\"noopener noreferrer\">4651479<\/a><\/td>\n<td bgcolor=\"#f6f8f9\"><img decoding=\"async\" src=\"http:\/\/www.medienverleih.mediawien.at\/fileadmin\/template\/img\/46k.gif\" alt=\"\" \/><\/td>\n<td bgcolor=\"#f6f8f9\">Schimpansen &#8211; Menschenaffen im Regenwald<\/td>\n<\/tr>\n<tr>\n<td bgcolor=\"#f6f8f9\"><a href=\"http:\/\/www.medienverleih.mediawien.at\/index.php?id=229&amp;mediennummer=4651373\" target=\"_blank\" rel=\"noopener noreferrer\">4651373<\/a><\/td>\n<td bgcolor=\"#f6f8f9\"><img decoding=\"async\" src=\"http:\/\/www.medienverleih.mediawien.at\/fileadmin\/template\/img\/46k.gif\" alt=\"\" \/><\/td>\n<td bgcolor=\"#f6f8f9\">Wigge bei den Yanomami Indianern &#8211; Ureinwohner im Amazonas<\/td>\n<\/tr>\n<tr>\n<td bgcolor=\"#f6f8f9\"><a href=\"http:\/\/www.medienverleih.mediawien.at\/index.php?id=229&amp;mediennummer=4651276\" target=\"_blank\" rel=\"noopener noreferrer\">4651276<\/a><\/td>\n<td bgcolor=\"#f6f8f9\"><img decoding=\"async\" src=\"http:\/\/www.medienverleih.mediawien.at\/fileadmin\/template\/img\/46k.gif\" alt=\"\" \/><\/td>\n<td bgcolor=\"#f6f8f9\">Der gef\u00e4hrdete Regenwald &#8211; Klima- und Artenschutz<\/td>\n<\/tr>\n<tr>\n<td bgcolor=\"#f6f8f9\"><a href=\"http:\/\/www.medienverleih.mediawien.at\/index.php?id=229&amp;mediennummer=4651275\" target=\"_blank\" rel=\"noopener noreferrer\">4651275<\/a><\/td>\n<td bgcolor=\"#f6f8f9\"><img decoding=\"async\" src=\"http:\/\/www.medienverleih.mediawien.at\/fileadmin\/template\/img\/46k.gif\" alt=\"\" \/><\/td>\n<td bgcolor=\"#f6f8f9\">Biodiversit\u00e4t &#8211; Bedrohte Artenvielfalt<\/td>\n<\/tr>\n<tr>\n<td bgcolor=\"#f6f8f9\"><a href=\"http:\/\/www.medienverleih.mediawien.at\/index.php?id=229&amp;mediennummer=4651249\" target=\"_blank\" rel=\"noopener noreferrer\">4651249<\/a><\/td>\n<td bgcolor=\"#f6f8f9\"><img decoding=\"async\" src=\"http:\/\/www.medienverleih.mediawien.at\/fileadmin\/template\/img\/46k.gif\" alt=\"\" \/><\/td>\n<td bgcolor=\"#f6f8f9\">Bananenanbau heute &#8211; Ein Farmer berichtet<\/td>\n<\/tr>\n<tr>\n<td bgcolor=\"#f6f8f9\"><a href=\"http:\/\/www.medienverleih.mediawien.at\/index.php?id=229&amp;mediennummer=4650942\" target=\"_blank\" rel=\"noopener noreferrer\">4650942<\/a><\/td>\n<td bgcolor=\"#f6f8f9\"><img decoding=\"async\" src=\"http:\/\/www.medienverleih.mediawien.at\/fileadmin\/template\/img\/46k.gif\" alt=\"\" \/><\/td>\n<td bgcolor=\"#f6f8f9\">Naturlandschaftszonen der Erde &#8211; Tropen<\/td>\n<\/tr>\n<tr>\n<td bgcolor=\"#f6f8f9\"><a href=\"http:\/\/www.medienverleih.mediawien.at\/index.php?id=229&amp;mediennummer=4650788\" target=\"_blank\" rel=\"noopener noreferrer\">4650788<\/a><\/td>\n<td bgcolor=\"#f6f8f9\"><img decoding=\"async\" src=\"http:\/\/www.medienverleih.mediawien.at\/fileadmin\/template\/img\/46k.gif\" alt=\"\" \/><\/td>\n<td bgcolor=\"#f6f8f9\">Gorillas &#8211; Vom Menschen bald ausgerottet?<\/td>\n<\/tr>\n<tr>\n<td bgcolor=\"#f6f8f9\"><a href=\"http:\/\/www.medienverleih.mediawien.at\/index.php?id=229&amp;mediennummer=4650734\" target=\"_blank\" rel=\"noopener noreferrer\">4650734<\/a><\/td>\n<td bgcolor=\"#f6f8f9\"><img decoding=\"async\" src=\"http:\/\/www.medienverleih.mediawien.at\/fileadmin\/template\/img\/46k.gif\" alt=\"\" \/><\/td>\n<td bgcolor=\"#f6f8f9\">Amazonas Regenwald<\/td>\n<\/tr>\n<tr>\n<td bgcolor=\"#f6f8f9\"><a href=\"http:\/\/www.medienverleih.mediawien.at\/index.php?id=229&amp;mediennummer=4650295\" target=\"_blank\" rel=\"noopener noreferrer\">4650295<\/a><\/td>\n<td bgcolor=\"#f6f8f9\"><img decoding=\"async\" src=\"http:\/\/www.medienverleih.mediawien.at\/fileadmin\/template\/img\/46k.gif\" alt=\"\" \/><\/td>\n<td bgcolor=\"#f6f8f9\">Die tropischen Regenw\u00e4lder<\/td>\n<\/tr>\n<tr>\n<td bgcolor=\"#f6f8f9\"><a href=\"http:\/\/www.medienverleih.mediawien.at\/index.php?id=229&amp;mediennummer=4650082\" target=\"_blank\" rel=\"noopener noreferrer\">4650082<\/a><\/td>\n<td bgcolor=\"#f6f8f9\"><img decoding=\"async\" src=\"http:\/\/www.medienverleih.mediawien.at\/fileadmin\/template\/img\/46k.gif\" alt=\"\" \/><\/td>\n<td bgcolor=\"#f6f8f9\">Orang-Utan &#8211; der &#8222;Waldmensch&#8220;<\/td>\n<\/tr>\n<tr>\n<td bgcolor=\"#f6f8f9\"><a href=\"http:\/\/www.medienverleih.mediawien.at\/index.php?id=229&amp;mediennummer=4602340\" target=\"_blank\" rel=\"noopener noreferrer\">4602340<\/a><\/td>\n<td bgcolor=\"#f6f8f9\"><img decoding=\"async\" src=\"http:\/\/www.medienverleih.mediawien.at\/fileadmin\/template\/img\/46k.gif\" alt=\"\" \/><\/td>\n<td bgcolor=\"#f6f8f9\">Tropischer Regenwald in Amazonien<\/td>\n<\/tr>\n<tr>\n<td bgcolor=\"#f6f8f9\"><a href=\"http:\/\/www.medienverleih.mediawien.at\/index.php?id=229&amp;mediennummer=4602306\" target=\"_blank\" rel=\"noopener noreferrer\">4602306<\/a><\/td>\n<td bgcolor=\"#f6f8f9\"><img decoding=\"async\" src=\"http:\/\/www.medienverleih.mediawien.at\/fileadmin\/template\/img\/46k.gif\" alt=\"\" \/><\/td>\n<td bgcolor=\"#f6f8f9\">Amerikanische Nationalparks<\/td>\n<\/tr>\n<tr>\n<td bgcolor=\"#f6f8f9\"><a href=\"http:\/\/www.medienverleih.mediawien.at\/index.php?id=229&amp;mediennummer=4602300\" target=\"_blank\" rel=\"noopener noreferrer\">4602300<\/a><\/td>\n<td bgcolor=\"#f6f8f9\"><img decoding=\"async\" src=\"http:\/\/www.medienverleih.mediawien.at\/fileadmin\/template\/img\/46k.gif\" alt=\"\" \/><\/td>\n<td bgcolor=\"#f6f8f9\">Der tropische Regenwald<\/td>\n<\/tr>\n<\/tbody>\n<\/table>\n<p>http:\/\/www.medienverleih.mediawien.at\/<\/p>\n<p>Dienstag, 18.03.2014\u00a0\u00a0\u00a0\u00a0\u00a0\u00a0\u00a0\u00a0\u00a0\u00a0\u00a0\u00a0 Stephanie Kraft<\/p>\n","protected":false},"excerpt":{"rendered":"<p>Bei dem Exkursionsziel Media Wien, haben wir Studenten Informationen erhalten, was Media Wien ist und welche M\u00f6glichkeiten es f\u00fcr Lehrer bzw. Lehramtsstudenten bietet. Wir haben einen \u00dcberblick \u00fcber die Themenboxen (Besuch Lager), Bilderbuchkinos und Lehrfilme bekommen. Ebenso wurde uns gezeigt, <span class=\"readmore\"><a href=\"https:\/\/digimed.phwien.ac.at\/?p=553\">Continue Reading<\/a><\/span><\/p>\n","protected":false},"author":5,"featured_media":0,"comment_status":"open","ping_status":"open","sticky":false,"template":"","format":"standard","meta":{"footnotes":""},"categories":[29,3],"tags":[],"class_list":["post-553","post","type-post","status-publish","format-standard","hentry","category-bpz","category-exk"],"_links":{"self":[{"href":"https:\/\/digimed.phwien.ac.at\/index.php?rest_route=\/wp\/v2\/posts\/553","targetHints":{"allow":["GET"]}}],"collection":[{"href":"https:\/\/digimed.phwien.ac.at\/index.php?rest_route=\/wp\/v2\/posts"}],"about":[{"href":"https:\/\/digimed.phwien.ac.at\/index.php?rest_route=\/wp\/v2\/types\/post"}],"author":[{"embeddable":true,"href":"https:\/\/digimed.phwien.ac.at\/index.php?rest_route=\/wp\/v2\/users\/5"}],"replies":[{"embeddable":true,"href":"https:\/\/digimed.phwien.ac.at\/index.php?rest_route=%2Fwp%2Fv2%2Fcomments&post=553"}],"version-history":[{"count":0,"href":"https:\/\/digimed.phwien.ac.at\/index.php?rest_route=\/wp\/v2\/posts\/553\/revisions"}],"wp:attachment":[{"href":"https:\/\/digimed.phwien.ac.at\/index.php?rest_route=%2Fwp%2Fv2%2Fmedia&parent=553"}],"wp:term":[{"taxonomy":"category","embeddable":true,"href":"https:\/\/digimed.phwien.ac.at\/index.php?rest_route=%2Fwp%2Fv2%2Fcategories&post=553"},{"taxonomy":"post_tag","embeddable":true,"href":"https:\/\/digimed.phwien.ac.at\/index.php?rest_route=%2Fwp%2Fv2%2Ftags&post=553"}],"curies":[{"name":"wp","href":"https:\/\/api.w.org\/{rel}","templated":true}]}}