{"id":566,"date":"2014-04-10T19:06:26","date_gmt":"2014-04-10T17:06:26","guid":{"rendered":"http:\/\/podcampus.phwien.ac.at\/digimed\/?p=566"},"modified":"2014-04-10T19:06:26","modified_gmt":"2014-04-10T17:06:26","slug":"katrin-litschka-im-technischen-museum","status":"publish","type":"post","link":"https:\/\/digimed.phwien.ac.at\/?p=566","title":{"rendered":"Katrin Litschka im technischen Museum"},"content":{"rendered":"<p><span style=\"font-family: Calibri\"><span style=\"font-size: medium\"><span style=\"color: #000000\">\u00a0Besuch im technischen Museum am 7.4.2014<\/span><\/span><\/span><\/p>\n<p><span style=\"color: #000000;font-family: Calibri;font-size: medium\">Urspr\u00fcnglich wollte ich eigentlich ins Joanneum gehen um mir die digitalen Sammlungen anzusehen, da dieses aber leider im Umbau war, musste ich umdisponieren und war gemeinsam mit meiner Mutter und meiner Schwiegermutter im technischen Museum. Unser Besuch fiel etwas k\u00fcrzer aus als urspr\u00fcnglich geplant, nicht etwa weil diese Konstellation fragw\u00fcrdig erscheint, sondern weil unsere M\u00e4nner, welche wir mit meiner kleinen Tochter daheim gelassen hatten, mit M\u00fcdigkeitsanf\u00e4llen und gef\u00fcllten Windeln \u00fcberfordert wurden. Doch trotz dieses Kurzbesuchs ist dieses Museum prinzipiell immer ein Erlebnis und eine Reise wert. Und selbst wenn man richtig viel Zeit \u00fcber h\u00e4tte, schaffte man es wohl kaum sich alles anzusehen.<\/span><\/p>\n<p><span style=\"color: #000000;font-family: Calibri;font-size: medium\">Da ich aber schon einige Male dort war, auch zusammen mit Kindergruppen, kann ich nur best\u00e4tigen, dass dieses Museum nicht nur absolut geeignet ist f\u00fcr Kinder und Jugendliche jeden Alters, es deckt auch noch den Lehrplan betreffend vieles ab, und das noch dazu spielerisch. Bei meinem letzten Besuch hatte ich eine gemischte Gruppe (Kinder zwischen 6 und 10 Jahren) und keines war zu irgendeinem Zeitpunkt gelangweilt oder desinteressiert. Das absolute Gegenteil war der Fall! Wir h\u00e4tten wohl noch Stunden bleiben k\u00f6nnen, denn alles musste ausprobiert, auf jeden Knopf gedr\u00fcckt und auf alles geklettert werden wo es erlaubt war. <\/span><\/p>\n<p><span style=\"color: #000000;font-family: Calibri;font-size: medium\">In besonderer Erinnerung ist mir ein \u201eSchreiraum\u201c geblieben, eine durchsichtige, schalldichte Kabine, in der jeder, einschlie\u00dflich mir,\u00a0 das ganze Ausma\u00df seiner Stimmgewalt testen konnte. Dass das so richtig Spa\u00df gemacht hat, braucht man wohl kaum erw\u00e4hnen.\u00a0 In der Disco wurde danach so richtig abgetanzt!<\/span><\/p>\n<p><span style=\"color: #000000;font-family: Calibri;font-size: medium\">Das technische Museum bietet zus\u00e4tzlich zu seinem normalen Programm auch noch allerhand F\u00fchrungen und Workshops an, dass man sich kaum entscheiden kann, was man zuerst sehen m\u00f6chte. Zur Zeit sind das um die 50 St\u00fcck und jede dieser F\u00fchrungen bzw. Workshops ist f\u00fcr eine bestimmte Altersgruppe konzipiert und bietet genug Raum um sich einem Thema genauestens zu widmen. Selbst f\u00fcr P\u00e4dagogInnen wird eine eigene F\u00fchrung angeboten, bei der sie einen \u00dcberblick \u00fcber das aktuelle Programm erhalten sollen. Diese dauert um die 75 Minuten und ist noch dazu kostenlos. Au\u00dferdem bietet das technische Museum allerhand Unterrichtsmaterialien an, welche die P\u00e4dagogInnen im Vorfeld oder auch als Quiz nach dem Besuch im Unterricht einbauen k\u00f6nnen.<\/span><\/p>\n<p><span style=\"color: #000000;font-family: Calibri;font-size: medium\">Neben der Dauerausstellung gastieren auch zeitlich begrenzte Ausstellungen im technischen Museum. Aktuell ist das die Ausstellung \u201eSPACE\u201c, welche toll und absolut faszinierend ist, f\u00fcr Kinder sowie f\u00fcr Erwachsene. Sie zeigt auf 600m\u00b2 Raumanz\u00fcge von fr\u00fcher sowie von heute, Haushaltsger\u00e4te, welche wir der Raumfahrt verdanken und nat\u00fcrlich auch Raketen.<\/span><\/p>\n<p><span style=\"color: #000000;font-family: Calibri;font-size: medium\">Pers\u00f6nlich finde ich die Ausstellung von Stefan Jellinek besonders interessant. Leider hatte ich diesmal keine Zeit sie mir anzusehen, da sie aber noch ein halbes Jahr gezeigt wird, hoffe ich doch, dass nochmal die Zeit daf\u00fcr da ist.<\/span><\/p>\n<p><span style=\"color: #000000;font-family: Calibri;font-size: medium\">Fazit: Das technische Museum ist nicht nur f\u00fcr jung und alt, sondern auch f\u00fcr M\u00fctter und Schwiegerm\u00fctter bestens geeignet. Da es f\u00fcr Kinder und Jugendliche bis zum 19. Lebensjahr noch dazu gratis ist, f\u00e4llt mir nicht ein Grund ein, diesem Museum keinen Besuch abzustatten. Auch die Homepage ist toll gestaltet und bietet allerhand Materialien die \u00fcber den Museumsbesuch hinaus gehen.<\/span><\/p>\n","protected":false},"excerpt":{"rendered":"<p>\u00a0Besuch im technischen Museum am 7.4.2014 Urspr\u00fcnglich wollte ich eigentlich ins Joanneum gehen um mir die digitalen Sammlungen anzusehen, da dieses aber leider im Umbau war, musste ich umdisponieren und war gemeinsam mit meiner Mutter und meiner Schwiegermutter im technischen <span class=\"readmore\"><a href=\"https:\/\/digimed.phwien.ac.at\/?p=566\">Continue Reading<\/a><\/span><\/p>\n","protected":false},"author":5,"featured_media":0,"comment_status":"open","ping_status":"open","sticky":false,"template":"","format":"standard","meta":{"footnotes":""},"categories":[3,25],"tags":[238,350],"class_list":["post-566","post","type-post","status-publish","format-standard","hentry","category-exk","category-tmw","tag-mep13","tag-technisches-museum"],"_links":{"self":[{"href":"https:\/\/digimed.phwien.ac.at\/index.php?rest_route=\/wp\/v2\/posts\/566","targetHints":{"allow":["GET"]}}],"collection":[{"href":"https:\/\/digimed.phwien.ac.at\/index.php?rest_route=\/wp\/v2\/posts"}],"about":[{"href":"https:\/\/digimed.phwien.ac.at\/index.php?rest_route=\/wp\/v2\/types\/post"}],"author":[{"embeddable":true,"href":"https:\/\/digimed.phwien.ac.at\/index.php?rest_route=\/wp\/v2\/users\/5"}],"replies":[{"embeddable":true,"href":"https:\/\/digimed.phwien.ac.at\/index.php?rest_route=%2Fwp%2Fv2%2Fcomments&post=566"}],"version-history":[{"count":0,"href":"https:\/\/digimed.phwien.ac.at\/index.php?rest_route=\/wp\/v2\/posts\/566\/revisions"}],"wp:attachment":[{"href":"https:\/\/digimed.phwien.ac.at\/index.php?rest_route=%2Fwp%2Fv2%2Fmedia&parent=566"}],"wp:term":[{"taxonomy":"category","embeddable":true,"href":"https:\/\/digimed.phwien.ac.at\/index.php?rest_route=%2Fwp%2Fv2%2Fcategories&post=566"},{"taxonomy":"post_tag","embeddable":true,"href":"https:\/\/digimed.phwien.ac.at\/index.php?rest_route=%2Fwp%2Fv2%2Ftags&post=566"}],"curies":[{"name":"wp","href":"https:\/\/api.w.org\/{rel}","templated":true}]}}