{"id":985,"date":"2015-11-18T17:10:43","date_gmt":"2015-11-18T15:10:43","guid":{"rendered":"http:\/\/podcampus.phwien.ac.at\/digimed\/?p=985"},"modified":"2015-11-18T17:10:43","modified_gmt":"2015-11-18T15:10:43","slug":"simon-bauer-exkursion-zum-medienzentrum-wienxtra","status":"publish","type":"post","link":"https:\/\/digimed.phwien.ac.at\/?p=985","title":{"rendered":"Simon Bauer: Exkursion zum Medienzentrum wienXtra"},"content":{"rendered":"<p class=\"western\"><span style=\"font-family: 'Times New Roman', serif\"><span style=\"font-size: medium\"><u><b>11.11.2015<\/b><\/u><\/span><\/span><\/p>\n<p class=\"western\"><span style=\"font-family: 'Times New Roman', serif\"><span style=\"font-size: medium\">Frau Poeskoye begann uns zun\u00e4chst etwas \u00fcber die Einrichtung zu erz\u00e4hlen. Da wir angehende P\u00e4dagogInnen sind hat sie sich speziell auf die Jugendarbeit des Medienzentrums bezogen. Sehr spannend waren die vielen verschiedenen M\u00f6glichkeiten, die das Zentrum bindet. Hierbei geht es um die Unterst\u00fctzung von Jugendlichen bei medialen Projekten, die sie in ihrer Freizeit durchf\u00fchren wollen. Die n\u00f6tige Unterst\u00fctzung kann bis zum 22. Lebensalter bezogen werden, wobei die Zielgruppe des Medienzentrums am liebsten bei 13-15 J\u00e4hrigen liegt. Die Jugendlichen k\u00f6nnen sich zum Beispiel hochwertiges Filmequipment gegen die Hinterlegung einer kleinen Kaution umsonst ausleihen. Auch R\u00e4ume zur Bearbeitung (Schnitt) k\u00f6nnen kostenfrei angemietet werden. Um mit den Ger\u00e4ten auch umgehen zu k\u00f6nnen, gibt es Workshops zu den einzelnen Fachbereichen , sodass die Jugendlichen lernen damit umzugehen. Das Medienzentrum bietet des weiteren auch ein Fotostudio im Obergeschoss welches angemietet werden kann, um professionelle Fotos auf einem Greenscreen zu schie\u00dfen. Ich war sehr angetan von der Vielfalt und vor allem der Qualit\u00e4t der Produkte und R\u00e4ume des Medienzentrums. Wichtig finde ich auch, dass die jungen, interessierten Sch\u00fclerInnen durch die Unterst\u00fctzung des Medienzentrums keine Kosten tragen. Nachdem wir alle R\u00e4ume besichtigt hatten, setzten wir uns noch zu einem kurzen informativen Gespr\u00e4ch zusammen. <\/span><\/span><\/p>\n<p class=\"western\"><span style=\"font-family: 'Times New Roman', serif\"><span style=\"font-size: medium\">Ich werde mir vor allem als P\u00e4dagoge aber auch privat das Medienzentrum im Hinterkopf behalten, da sie interessante Seminare zur Medienbildung f\u00fcr P\u00e4dagogInnen anbieten und auch immer f\u00fcr Schulprojektarbeit und Exkursionen zur Verf\u00fcgung stehen. Da ich noch 22 Jahre alt bin, wei\u00df ich jetzt auch wo ich Equipment f\u00fcr ein Musikvideo herbekomme. Zusammenfassend kann ich sagen, dass das Medienzentrum einen wichtigen Teil der Wiener Jugendarbeit darstellt. Ihr Ziel bei den Jugendlich ist ein sehr wichtiges: Die kritische Auseinandersetzung mit Medien.<\/span><\/span><\/p>\n","protected":false},"excerpt":{"rendered":"<p>11.11.2015 Frau Poeskoye begann uns zun\u00e4chst etwas \u00fcber die Einrichtung zu erz\u00e4hlen. Da wir angehende P\u00e4dagogInnen sind hat sie sich speziell auf die Jugendarbeit des Medienzentrums bezogen. Sehr spannend waren die vielen verschiedenen M\u00f6glichkeiten, die das Zentrum bindet. Hierbei geht <span class=\"readmore\"><a href=\"https:\/\/digimed.phwien.ac.at\/?p=985\">Continue Reading<\/a><\/span><\/p>\n","protected":false},"author":5,"featured_media":0,"comment_status":"open","ping_status":"open","sticky":false,"template":"","format":"standard","meta":{"footnotes":""},"categories":[3,12],"tags":[236,239,387],"class_list":["post-985","post","type-post","status-publish","format-standard","hentry","category-exk","category-mz","tag-medienpadagogik","tag-mep15","tag-wienxtra"],"_links":{"self":[{"href":"https:\/\/digimed.phwien.ac.at\/index.php?rest_route=\/wp\/v2\/posts\/985","targetHints":{"allow":["GET"]}}],"collection":[{"href":"https:\/\/digimed.phwien.ac.at\/index.php?rest_route=\/wp\/v2\/posts"}],"about":[{"href":"https:\/\/digimed.phwien.ac.at\/index.php?rest_route=\/wp\/v2\/types\/post"}],"author":[{"embeddable":true,"href":"https:\/\/digimed.phwien.ac.at\/index.php?rest_route=\/wp\/v2\/users\/5"}],"replies":[{"embeddable":true,"href":"https:\/\/digimed.phwien.ac.at\/index.php?rest_route=%2Fwp%2Fv2%2Fcomments&post=985"}],"version-history":[{"count":0,"href":"https:\/\/digimed.phwien.ac.at\/index.php?rest_route=\/wp\/v2\/posts\/985\/revisions"}],"wp:attachment":[{"href":"https:\/\/digimed.phwien.ac.at\/index.php?rest_route=%2Fwp%2Fv2%2Fmedia&parent=985"}],"wp:term":[{"taxonomy":"category","embeddable":true,"href":"https:\/\/digimed.phwien.ac.at\/index.php?rest_route=%2Fwp%2Fv2%2Fcategories&post=985"},{"taxonomy":"post_tag","embeddable":true,"href":"https:\/\/digimed.phwien.ac.at\/index.php?rest_route=%2Fwp%2Fv2%2Ftags&post=985"}],"curies":[{"name":"wp","href":"https:\/\/api.w.org\/{rel}","templated":true}]}}